{"id":172374,"date":"2025-02-07T13:54:12","date_gmt":"2025-02-07T19:54:12","guid":{"rendered":"https:\/\/nvnoticias.mx\/?p=172374"},"modified":"2025-02-07T13:54:13","modified_gmt":"2025-02-07T19:54:13","slug":"abriran-cynthia-erivo-y-ariana-grande-los-oscar","status":"publish","type":"post","link":"https:\/\/nvnoticias.mx\/index.php\/2025\/02\/07\/abriran-cynthia-erivo-y-ariana-grande-los-oscar\/","title":{"rendered":"Abrir\u00e1n Cynthia Erivo y Ariana Grande los Oscar"},"content":{"rendered":"\n<p>Luego de que se diera a conocer que en el pr\u00f3xima edici\u00f3n de los Oscar no habr\u00eda actos musicales, todo parece indicar que s\u00ed tendremos un peque\u00f1a\u00a0<strong>presentaci\u00f3n por parte de Ariana Grande y Cynthia Erivo<\/strong>, quienes har\u00e1n un\u00a0<strong>popurr\u00ed de\u00a0<em>Wicked<\/em><\/strong>. De acuerdo con\u00a0Puck News\u00a0, las dos estrellas<strong>\u00a0se encargar\u00e1n de abrir la premiaci\u00f3n.<\/strong><\/p>\n\n\n\n<p>Ninguna de las canciones de Wicked fue nominada a Mejor Canci\u00f3n Original\u00a0en los Oscar pero estamos seguros de que los fan\u00e1ticos del Mago de Oz y los televidentes quedar\u00e1n<strong>\u00a0m\u00e1s que satisfechos con el performance de Grande y Erivo.<\/strong><\/p>\n\n\n\n<p>Antes de que su actuaci\u00f3n en la premiaci\u00f3n se confirmara, Ariana Grande coment\u00f3 en una entrevista que le\u00a0<strong>encantar\u00eda cantar junto a su coprotagonista en los Oscar<\/strong>. &#8220;Cantar\u00eda con ella en cualquier lugar y en cualquier momento, especialmente en celebraci\u00f3n de\u00a0<em>Wicked<\/em>, y la amo, es mi hermana.\u00a0<strong>Digan la palabra y estaremos all\u00ed&#8221;<\/strong>.<\/p>\n\n\n\n<p>Ariana Grande recibi\u00f3 su<strong>\u00a0primera nominaci\u00f3n al Oscar como &#8220;Mejor Actriz de Reparto<\/strong>&#8221; por su interpretaci\u00f3n de Glinda en\u00a0<em>Wicked\u00a0<\/em>y por medio de Instagram se dej\u00f3 ver\u00a0conmovida por este logro en su carrera\u00a0se\u00f1alando que\u00a0<strong>no pod\u00eda parar de llorar.\u00a0<\/strong><\/p>\n\n\n\n<p>En la misma categor\u00eda, Ariana Grande compite con&nbsp;<strong>Felicity Jones&nbsp;<\/strong>por&nbsp;<em>El Brutalista<\/em>,&nbsp;<strong>Isabella Rossellini p<\/strong>or&nbsp;<em>C\u00f3nclave<\/em>,&nbsp;<strong>Zoe Salda\u00f1a<\/strong>&nbsp;por&nbsp;<em>Emilia P\u00e9rez<\/em>&nbsp;y&nbsp;<strong>Monica Barbaro<\/strong>&nbsp;por&nbsp;<em>Un completo desconocido.<\/em><\/p>\n\n\n\n<p>Por su parte, Cynthia Erivo tambi\u00e9n est\u00e1 nominada en la categor\u00eda de &#8220;Mejor Actriz&#8221; por su<strong>&nbsp;impresionante interpretaci\u00f3n de la ic\u00f3nica bruja verde<\/strong>. En la categor\u00eda compite con&nbsp;<strong>Karla Sof\u00eda Gascon, Fernanda Torres, Mikey Madison y Demi Moore.<\/strong><\/p>\n\n\n\n<p>La ceremonia de los premios Oscar se llevar\u00e1 a cabo el pr\u00f3ximo domingo<strong>&nbsp;2 de marzo<\/strong>&nbsp;en el Dolby Theatre en Los \u00c1ngeles, California.<\/p>\n\n\n\n<p><\/p>\n\n\n\n<p><\/p>\n","protected":false},"excerpt":{"rendered":"<p>Luego de que se diera a conocer que en el pr\u00f3xima edici\u00f3n de los Oscar no habr\u00eda actos musicales, todo parece indicar que s\u00ed tendremos un peque\u00f1a\u00a0presentaci\u00f3n por parte de Ariana Grande y Cynthia Erivo, quienes har\u00e1n un\u00a0popurr\u00ed de\u00a0Wicked. De acuerdo con\u00a0Puck News\u00a0, las dos estrellas\u00a0se encargar\u00e1n de abrir la premiaci\u00f3n. Ninguna de las canciones [&hellip;]<\/p>\n","protected":false},"author":35,"featured_media":172379,"comment_status":"open","ping_status":"open","sticky":false,"template":"","format":"standard","meta":{"_monsterinsights_skip_tracking":false,"_monsterinsights_sitenote_active":false,"_monsterinsights_sitenote_note":"","_monsterinsights_sitenote_category":0,"footnotes":""},"categories":[576],"tags":[23,30039,31639,24643],"class_list":["post-172374","post","type-post","status-publish","format-standard","has-post-thumbnail","hentry","category-ocio","tag-ariana-grande","tag-cynthia-erivo","tag-oscar-2025","tag-wicked","wp-image-borders"],"amp_enabled":true,"_links":{"self":[{"href":"https:\/\/nvnoticias.mx\/index.php\/wp-json\/wp\/v2\/posts\/172374","targetHints":{"allow":["GET"]}}],"collection":[{"href":"https:\/\/nvnoticias.mx\/index.php\/wp-json\/wp\/v2\/posts"}],"about":[{"href":"https:\/\/nvnoticias.mx\/index.php\/wp-json\/wp\/v2\/types\/post"}],"author":[{"embeddable":true,"href":"https:\/\/nvnoticias.mx\/index.php\/wp-json\/wp\/v2\/users\/35"}],"replies":[{"embeddable":true,"href":"https:\/\/nvnoticias.mx\/index.php\/wp-json\/wp\/v2\/comments?post=172374"}],"version-history":[{"count":4,"href":"https:\/\/nvnoticias.mx\/index.php\/wp-json\/wp\/v2\/posts\/172374\/revisions"}],"predecessor-version":[{"id":172380,"href":"https:\/\/nvnoticias.mx\/index.php\/wp-json\/wp\/v2\/posts\/172374\/revisions\/172380"}],"wp:featuredmedia":[{"embeddable":true,"href":"https:\/\/nvnoticias.mx\/index.php\/wp-json\/wp\/v2\/media\/172379"}],"wp:attachment":[{"href":"https:\/\/nvnoticias.mx\/index.php\/wp-json\/wp\/v2\/media?parent=172374"}],"wp:term":[{"taxonomy":"category","embeddable":true,"href":"https:\/\/nvnoticias.mx\/index.php\/wp-json\/wp\/v2\/categories?post=172374"},{"taxonomy":"post_tag","embeddable":true,"href":"https:\/\/nvnoticias.mx\/index.php\/wp-json\/wp\/v2\/tags?post=172374"}],"curies":[{"name":"wp","href":"https:\/\/api.w.org\/{rel}","templated":true}]}}