{"id":17219,"date":"2021-06-28T08:55:46","date_gmt":"2021-06-28T13:55:46","guid":{"rendered":"https:\/\/nvnoticias.mx\/?p=17219"},"modified":"2021-06-28T08:55:47","modified_gmt":"2021-06-28T13:55:47","slug":"deslinde-y-ataque-de-ricardo-monreal","status":"publish","type":"post","link":"https:\/\/nvnoticias.mx\/index.php\/2021\/06\/28\/deslinde-y-ataque-de-ricardo-monreal\/","title":{"rendered":"Deslinde y ataque de Ricardo Monreal"},"content":{"rendered":"\n<p class=\"has-text-align-right\"><strong>Mtro. Edgard Gonz\u00e1lez Su\u00e1rez<\/strong><strong><\/strong><\/p>\n\n\n\n<p>Hace ya dos semanas que Ricardo Monreal esta bajo fuego, y es que despu\u00e9s de qu\u00e9 en verdaderas operaciones de prensa, sus enemigos dentro de Morena aprovecharon el viaje para atribuirle a \u00e9l, la derrota de Morena en la CdMex, desde esos d\u00edas, los ataques no cesan de tratarlo de desleal, traidor, difunto, irresponsable, etc. La segunda semana de junio, una vez que tragaron gordo y amargo, por la derrota del partido del presidente, en la ciudad de M\u00e9xico, las corrientes pol\u00edticas, r\u00e1pidamente enfilaron sus ataques a la persona de Ricardo Monreal, como el causante de la derrota electoral del Morena en 7 alcald\u00edas de la Cdmex.<\/p>\n\n\n\n<p>Discursivamente se dieron dos fen\u00f3menos que debemos destacar, primero, la serie de ataques repetidos -todos iguales- por los medios afines a Morena, y sobre todo en las redes sociales, que, de hecho, no solo lo responsabilizaron, sino que incluso pidieron su renuncia al Senado. Un operativo, salido, no dudo desde la presidencia, desde el z\u00f3calo capitalino, e incluso desde la canciller\u00eda. Cuando ya lo hab\u00edan enjuiciado y quemado en le\u00f1a verde, se gener\u00f3 una ola, a la que en un principio se sumaron los medios controlados por la derecha, para tratar de enfrentar a las corrientes dentro de Morena. Un inteligente, alcanz\u00f3 a ver que enfrentar a las corrientes de Morena, no tendr\u00eda mayores saldos, m\u00e1s que el de fortalecer a uno de los polos, sin duda, el polo del presidente de la Rep\u00fablica.<\/p>\n\n\n\n<p>A la velocidad de la luz rectificaron y decidieron ponerse de lado de Monreal, y abrieron sus foros de an\u00e1lisis, sus entrevistas y sus titulares para que el a\u00fan senador se pudiera hacer o\u00edr, y empezaron a remar con \u00e9l, para posponer el enfrentamiento que vendr\u00e1 por la candidatura a la presidencia de la republica por morena.<\/p>\n\n\n\n<p>En ese contexto, Ricardo Monreal pas\u00f3 de la defensa: \u201cNo ser\u00e9 chivo expiatorio de nada ni de nadie\u201d; \u201cDebe haber una investigaci\u00f3n seria de qu\u00e9 fue lo que pas\u00f3\u201d; \u201cNecesitamos an\u00e1lisis m\u00e1s profundos y menos b\u00fasqueda de culpables\u201d. De este discurso, que aguantaba el vendaval, pas\u00f3 al ataque directo: \u201cNo ser\u00e9 recipiendario de las decisiones err\u00e1ticas que se cometieron\u201d; \u201cYo no soy l\u00edder del partido, ni tengo, ni tuve funciones electorales\u201d; \u201cYo no hice la selecci\u00f3n de candidatos\u201d \u201cLa gente revisa la actitud y la congruencia de las personas y de los partidos, hay un despertar interesante\u201d, y acab\u00f3 desafiando al Presidente de la Rep\u00fablica, que desde la ma\u00f1anera, sostuvo que en la CdMex hubo \u201ctraici\u00f3n\u201d. El coordinador de los Senadores de Morena dijo en alusi\u00f3n a esa posici\u00f3n que eso \u201cno se corresponde a la realidad\u201d.<\/p>\n\n\n\n<p>Y aprovechando la confrontaci\u00f3n interna, el New York Times publica un reportaje -peritaje- seg\u00fan ellos, donde apuntan directamente a Marcelo Ebrard y a Carlos Slim como responsables de lo sucedido en la l\u00ednea 12 del metro. Y en redes sociales, se\u00f1alan a la familia de Claudia Sheinbaum como vinculada a para\u00edsos fiscales. Parec\u00eda un respiro, pero lo que volvi\u00f3 a descolocar a Monreal nuevamente, fue otra operaci\u00f3n de prensa, para casi destituirlo como coordinador de Morena en el senado, por la aparente renuncia del Monje negro, Gabriel Garc\u00eda Hern\u00e1ndez, quien dej\u00f3 la coordinaci\u00f3n nacional de los programas federales para volver a ocupar su esca\u00f1o en el senado. Lo que no tardaron en interpretar como la inminente destituci\u00f3n del Senador Zacatecano. Para terminar esta semana, el Senador Monreal volvi\u00f3 a visitar a los medios de comunicaci\u00f3n, y sostuvo que \u00e9l va a estar en el proceso interno de morena para elegir al candidato a la presidencia, est\u00e9 donde est\u00e9, pero que ahora no es tiempo de hablar de eso, sino de empujar las reformas legislativas del presidente de la Rep\u00fablica y esperar un piso parejo para la elecci\u00f3n interna de candidatos a la Presidencia. En otras palabras, no voy a pedirle permiso a L\u00f3pez Obrador para ser candidato a la Presidencia de la Rep\u00fablica.<\/p>\n\n\n\n<p>En todas las entrevistas que ofreci\u00f3 el Senador Monreal, sostuvo no tener diferencias con L\u00f3pez Obrador, adem\u00e1s de sostener, que no hay ni habr\u00e1 jam\u00e1s desencuentros entre ellos.<\/p>\n\n\n\n<p>Creo, que el presidente no se va a \u201cdeshacer\u201d de Monreal, incluso, si cayera de la coordinaci\u00f3n del Senado, podr\u00eda atraerlo a una Secretaria de Estado -y tratar de amarrarle las manos y las aspiraciones-. Ser\u00eda totalmente suicida romper alianzas con Monreal, quien siempre se ha dejado querer por otros partidos. Me da la impresi\u00f3n de que, en estas dos semanas, los grupos se dieron con todo, pero dif\u00edcilmente podr\u00edamos decir que hubo alg\u00fan vencedor, o de que alguien ya tiene la candidatura en las manos. Lo que es verdad, es que deber\u00e1n encontrar formas institucionalizadas para resolver ese Hurac\u00e1n que se les podr\u00eda salir de las manos.<\/p>\n\n\n\n<p>Sin duda Jorge, Ricardo Monreal, es, como el mismo lo asegura, un hombre de tempestades.<\/p>\n","protected":false},"excerpt":{"rendered":"<p>Mtro. Edgard Gonz\u00e1lez Su\u00e1rez Hace ya dos semanas que Ricardo Monreal esta bajo fuego, y es que despu\u00e9s de qu\u00e9 en verdaderas operaciones de prensa, sus enemigos dentro de Morena aprovecharon el viaje para atribuirle a \u00e9l, la derrota de Morena en la CdMex, desde esos d\u00edas, los ataques no cesan de tratarlo de desleal, [&hellip;]<\/p>\n","protected":false},"author":26,"featured_media":17222,"comment_status":"open","ping_status":"open","sticky":false,"template":"","format":"standard","meta":{"_monsterinsights_skip_tracking":false,"_monsterinsights_sitenote_active":false,"_monsterinsights_sitenote_note":"","_monsterinsights_sitenote_category":0,"footnotes":""},"categories":[242],"tags":[702],"class_list":["post-17219","post","type-post","status-publish","format-standard","has-post-thumbnail","hentry","category-macroscopio","tag-edgard-gonzalez-suarez","wp-image-borders"],"amp_enabled":true,"_links":{"self":[{"href":"https:\/\/nvnoticias.mx\/index.php\/wp-json\/wp\/v2\/posts\/17219","targetHints":{"allow":["GET"]}}],"collection":[{"href":"https:\/\/nvnoticias.mx\/index.php\/wp-json\/wp\/v2\/posts"}],"about":[{"href":"https:\/\/nvnoticias.mx\/index.php\/wp-json\/wp\/v2\/types\/post"}],"author":[{"embeddable":true,"href":"https:\/\/nvnoticias.mx\/index.php\/wp-json\/wp\/v2\/users\/26"}],"replies":[{"embeddable":true,"href":"https:\/\/nvnoticias.mx\/index.php\/wp-json\/wp\/v2\/comments?post=17219"}],"version-history":[{"count":1,"href":"https:\/\/nvnoticias.mx\/index.php\/wp-json\/wp\/v2\/posts\/17219\/revisions"}],"predecessor-version":[{"id":17221,"href":"https:\/\/nvnoticias.mx\/index.php\/wp-json\/wp\/v2\/posts\/17219\/revisions\/17221"}],"wp:featuredmedia":[{"embeddable":true,"href":"https:\/\/nvnoticias.mx\/index.php\/wp-json\/wp\/v2\/media\/17222"}],"wp:attachment":[{"href":"https:\/\/nvnoticias.mx\/index.php\/wp-json\/wp\/v2\/media?parent=17219"}],"wp:term":[{"taxonomy":"category","embeddable":true,"href":"https:\/\/nvnoticias.mx\/index.php\/wp-json\/wp\/v2\/categories?post=17219"},{"taxonomy":"post_tag","embeddable":true,"href":"https:\/\/nvnoticias.mx\/index.php\/wp-json\/wp\/v2\/tags?post=17219"}],"curies":[{"name":"wp","href":"https:\/\/api.w.org\/{rel}","templated":true}]}}