{"id":172133,"date":"2025-02-06T10:08:22","date_gmt":"2025-02-06T16:08:22","guid":{"rendered":"https:\/\/nvnoticias.mx\/?p=172133"},"modified":"2025-02-06T10:08:23","modified_gmt":"2025-02-06T16:08:23","slug":"ebrard-aconseja-a-trump-para-acabar-con-crimen-organizado","status":"publish","type":"post","link":"https:\/\/nvnoticias.mx\/index.php\/2025\/02\/06\/ebrard-aconseja-a-trump-para-acabar-con-crimen-organizado\/","title":{"rendered":"Ebrard aconseja a Trump para acabar con crimen organizado"},"content":{"rendered":"\n<p>Ante la denominaci\u00f3n de los\u00a0c\u00e1rteles de la droga como terroristas de parte de Estados Unidos, Marcelo Ebrard, secretario de Econom\u00eda, dio al presidente Donald Trump un consejo para terminar con la\u00a0<strong>crisis de inseguridad y de tr\u00e1fico de drogas<\/strong>que vive su pa\u00eds.<\/p>\n\n\n\n<p>A trav\u00e9s de sus redes sociales, Ebrard dijo que la soluci\u00f3n para que\u00a0Estados Unidos contribuya a la lucha contra los c\u00e1rteles\u00a0basta con que hagan\u00a0<strong>una labor \u201csimple\u201d, que es \u201cdejar de armarlos\u201d<\/strong>.<\/p>\n\n\n\n<p>Con ello,\u00a0Ebrard se sum\u00f3 a la narrativa de la presidenta Claudia Sheinbaum, quien cuestion\u00f3 por qu\u00e9 Estados Unidos no hace operativos contra la venta de droga en su pa\u00eds, que reporta cerca de\u00a0<strong>100 mil muertes por consumo de fentanilo al a\u00f1o<\/strong>.<\/p>\n\n\n\n<p>El excanciller hizo su comentario con referencia a una investigaci\u00f3n del maestro en pol\u00edtica, Omar Garc\u00eda-Ponce, quien mencion\u00f3 que en los estados fronterizos de Estados Unidos\u00a0<strong>hay al menos 9 mil vendedores de armas<\/strong>.<\/p>\n\n\n\n<p>Ponce se\u00f1al\u00f3 en un estudio que \u201cla expiraci\u00f3n de la prohibici\u00f3n federal de armas de asalto en Estados Unidos contribuy\u00f3\u00a0<strong>a la ola de violencia en M\u00e9xico<\/strong>\u201c.<\/p>\n\n\n\n<p>Fuente: El <a href=\"https:\/\/www.elfinanciero.com.mx\/nacional\/2025\/02\/05\/carteles-designados-terroristas-marcelo-ebrard-dice-a-donald-trump-que-eu-debe-dejar-de-armar-al-narco\/\">Financiero<\/a><\/p>\n\n\n\n<p><\/p>\n","protected":false},"excerpt":{"rendered":"<p>Ante la denominaci\u00f3n de los\u00a0c\u00e1rteles de la droga como terroristas de parte de Estados Unidos, Marcelo Ebrard, secretario de Econom\u00eda, dio al presidente Donald Trump un consejo para terminar con la\u00a0crisis de inseguridad y de tr\u00e1fico de drogasque vive su pa\u00eds. A trav\u00e9s de sus redes sociales, Ebrard dijo que la soluci\u00f3n para que\u00a0Estados Unidos [&hellip;]<\/p>\n","protected":false},"author":35,"featured_media":171490,"comment_status":"open","ping_status":"open","sticky":false,"template":"","format":"standard","meta":{"_monsterinsights_skip_tracking":false,"_monsterinsights_sitenote_active":false,"_monsterinsights_sitenote_note":"","_monsterinsights_sitenote_category":0,"footnotes":""},"categories":[158],"tags":[11736,230,31057,162],"class_list":["post-172133","post","type-post","status-publish","format-standard","has-post-thumbnail","hentry","category-politica","tag-crimen-organizado","tag-donald-trump","tag-macerlo-ebrard","tag-portada","wp-image-borders"],"amp_enabled":true,"_links":{"self":[{"href":"https:\/\/nvnoticias.mx\/index.php\/wp-json\/wp\/v2\/posts\/172133","targetHints":{"allow":["GET"]}}],"collection":[{"href":"https:\/\/nvnoticias.mx\/index.php\/wp-json\/wp\/v2\/posts"}],"about":[{"href":"https:\/\/nvnoticias.mx\/index.php\/wp-json\/wp\/v2\/types\/post"}],"author":[{"embeddable":true,"href":"https:\/\/nvnoticias.mx\/index.php\/wp-json\/wp\/v2\/users\/35"}],"replies":[{"embeddable":true,"href":"https:\/\/nvnoticias.mx\/index.php\/wp-json\/wp\/v2\/comments?post=172133"}],"version-history":[{"count":5,"href":"https:\/\/nvnoticias.mx\/index.php\/wp-json\/wp\/v2\/posts\/172133\/revisions"}],"predecessor-version":[{"id":172138,"href":"https:\/\/nvnoticias.mx\/index.php\/wp-json\/wp\/v2\/posts\/172133\/revisions\/172138"}],"wp:featuredmedia":[{"embeddable":true,"href":"https:\/\/nvnoticias.mx\/index.php\/wp-json\/wp\/v2\/media\/171490"}],"wp:attachment":[{"href":"https:\/\/nvnoticias.mx\/index.php\/wp-json\/wp\/v2\/media?parent=172133"}],"wp:term":[{"taxonomy":"category","embeddable":true,"href":"https:\/\/nvnoticias.mx\/index.php\/wp-json\/wp\/v2\/categories?post=172133"},{"taxonomy":"post_tag","embeddable":true,"href":"https:\/\/nvnoticias.mx\/index.php\/wp-json\/wp\/v2\/tags?post=172133"}],"curies":[{"name":"wp","href":"https:\/\/api.w.org\/{rel}","templated":true}]}}