{"id":172104,"date":"2025-02-06T09:43:01","date_gmt":"2025-02-06T15:43:01","guid":{"rendered":"https:\/\/nvnoticias.mx\/?p=172104"},"modified":"2025-02-06T09:43:02","modified_gmt":"2025-02-06T15:43:02","slug":"sheinbaum-rechaza-solicitar-mayor-presencia-de-la-dea-en-mexico","status":"publish","type":"post","link":"https:\/\/nvnoticias.mx\/index.php\/2025\/02\/06\/sheinbaum-rechaza-solicitar-mayor-presencia-de-la-dea-en-mexico\/","title":{"rendered":"Sheinbaum rechaza solicitar mayor presencia de la DEA en M\u00e9xico"},"content":{"rendered":"\n<p>La presidenta<strong>\u00a0Claudia Sheinbaum Pardo<\/strong>\u00a0neg\u00f3 haber solicitado a su hom\u00f3logo de Estados Unidos,\u00a0<strong>Donald Trump<\/strong>, una mayor presencia de elementos de la Administraci\u00f3n de Control de Drogas (<strong>DEA<\/strong>\u00a0por sus siglas en ingl\u00e9s) en M\u00e9xico, como parte de la negociaci\u00f3n para suspender el pago de aranceles.<a href=\"https:\/\/www.infobae.com\/mexico\/2025\/02\/05\/ricardo-anaya-pide-a-sheinbaum-preparar-a-mexico-para-temporada-de-huracanes-de-trump-aun-no-hay-que-cantar-victoria\/\" target=\"_blank\" rel=\"noreferrer noopener\"><\/a><\/p>\n\n\n\n<blockquote class=\"wp-block-quote is-layout-flow wp-block-quote-is-layout-flow\">\n<p>\u201cNo, colaboraci\u00f3n, coordinaci\u00f3n, con todo el gobierno de Estados Unidos, eso es lo que estamos haciendo. Ah\u00ed tienen agencias, pero lo que pedimos es coordinaci\u00f3n, colaboraci\u00f3n, imag\u00ednense que yo haya pedido m\u00e1s presencia de la DEA en nuestro pa\u00eds.<\/p>\n<\/blockquote>\n\n\n\n<blockquote class=\"wp-block-quote is-layout-flow wp-block-quote-is-layout-flow\">\n<p>\u201cLo que hablamos fue de la coordinaci\u00f3n, y lo que hablamos fue muy bueno, por que ya habl\u00f3 el doctor De la Fuente con el Departamento de Estado, el secretario de Estado, Marco Rubio, tuvieron una conversaci\u00f3n para ver como ser\u00e1n estos grupos de coordinaci\u00f3n, va haber buena coordinaci\u00f3n, va a haber buena colaboraci\u00f3n, siempre en el marco de nuestras soberan\u00edas\u201d, dijo en Palacio Nacional.<\/p>\n<\/blockquote>\n\n\n\n<p>Fuente: <a href=\"https:\/\/www.infobae.com\/mexico\/2025\/02\/06\/sheinbaum-rechaza-solicitar-mayor-presencia-de-la-dea-en-mexico-habra-colaboracion-en-el-marco-de-la-soberania\/\">Infobae<\/a><\/p>\n\n\n\n<p><\/p>\n\n\n\n<p><\/p>\n","protected":false},"excerpt":{"rendered":"<p>La presidenta\u00a0Claudia Sheinbaum Pardo\u00a0neg\u00f3 haber solicitado a su hom\u00f3logo de Estados Unidos,\u00a0Donald Trump, una mayor presencia de elementos de la Administraci\u00f3n de Control de Drogas (DEA\u00a0por sus siglas en ingl\u00e9s) en M\u00e9xico, como parte de la negociaci\u00f3n para suspender el pago de aranceles. \u201cNo, colaboraci\u00f3n, coordinaci\u00f3n, con todo el gobierno de Estados Unidos, eso es [&hellip;]<\/p>\n","protected":false},"author":35,"featured_media":54261,"comment_status":"open","ping_status":"open","sticky":false,"template":"","format":"standard","meta":{"_monsterinsights_skip_tracking":false,"_monsterinsights_sitenote_active":false,"_monsterinsights_sitenote_note":"","_monsterinsights_sitenote_category":0,"footnotes":""},"categories":[157],"tags":[2801,478,162],"class_list":["post-172104","post","type-post","status-publish","format-standard","has-post-thumbnail","hentry","category-nacional","tag-claudia-sheinbaum","tag-dea","tag-portada","wp-image-borders"],"amp_enabled":true,"_links":{"self":[{"href":"https:\/\/nvnoticias.mx\/index.php\/wp-json\/wp\/v2\/posts\/172104","targetHints":{"allow":["GET"]}}],"collection":[{"href":"https:\/\/nvnoticias.mx\/index.php\/wp-json\/wp\/v2\/posts"}],"about":[{"href":"https:\/\/nvnoticias.mx\/index.php\/wp-json\/wp\/v2\/types\/post"}],"author":[{"embeddable":true,"href":"https:\/\/nvnoticias.mx\/index.php\/wp-json\/wp\/v2\/users\/35"}],"replies":[{"embeddable":true,"href":"https:\/\/nvnoticias.mx\/index.php\/wp-json\/wp\/v2\/comments?post=172104"}],"version-history":[{"count":5,"href":"https:\/\/nvnoticias.mx\/index.php\/wp-json\/wp\/v2\/posts\/172104\/revisions"}],"predecessor-version":[{"id":172109,"href":"https:\/\/nvnoticias.mx\/index.php\/wp-json\/wp\/v2\/posts\/172104\/revisions\/172109"}],"wp:featuredmedia":[{"embeddable":true,"href":"https:\/\/nvnoticias.mx\/index.php\/wp-json\/wp\/v2\/media\/54261"}],"wp:attachment":[{"href":"https:\/\/nvnoticias.mx\/index.php\/wp-json\/wp\/v2\/media?parent=172104"}],"wp:term":[{"taxonomy":"category","embeddable":true,"href":"https:\/\/nvnoticias.mx\/index.php\/wp-json\/wp\/v2\/categories?post=172104"},{"taxonomy":"post_tag","embeddable":true,"href":"https:\/\/nvnoticias.mx\/index.php\/wp-json\/wp\/v2\/tags?post=172104"}],"curies":[{"name":"wp","href":"https:\/\/api.w.org\/{rel}","templated":true}]}}