{"id":172072,"date":"2025-02-05T15:50:24","date_gmt":"2025-02-05T21:50:24","guid":{"rendered":"https:\/\/nvnoticias.mx\/?p=172072"},"modified":"2025-02-05T15:50:26","modified_gmt":"2025-02-05T21:50:26","slug":"se-dice-decepcionado-jacques-audiard-de-comentarios-de-karla-sofia-gascon","status":"publish","type":"post","link":"https:\/\/nvnoticias.mx\/index.php\/2025\/02\/05\/se-dice-decepcionado-jacques-audiard-de-comentarios-de-karla-sofia-gascon\/","title":{"rendered":"Se dice \u201cdecepcionado\u201d Jacques Audiard de comentarios de Karla Sof\u00eda Gasc\u00f3n"},"content":{"rendered":"\n<p>Jacques Audiard, se pronunci\u00f3 por primera vez sobre la pol\u00e9mica que rodea a\u00a0Karla Sof\u00eda Gasc\u00f3n, protagonista de la cinta &#8220;<strong>Emilia P\u00e9rez<\/strong>&#8220;, tras viralizarse algunos de sus antiguos tuits en redes sociales.\u00a0<\/p>\n\n\n\n<p>En los \u00faltimos d\u00edas, la actriz espa\u00f1ola fue acusada de&nbsp;<strong>difundir mensajes racistas, xen\u00f3fobos y de odio<\/strong>&nbsp;a trav\u00e9s de unos mensajes que public\u00f3 en 2020. En ellos, Gasc\u00f3n hablaba de temas tan sensibles como la muerte de George Floyd a manos de polic\u00edas estadounidenses, por lo que r\u00e1pidamente se convirti\u00f3 en el blanco de&nbsp;<strong>fuertes cr\u00edticas y ataques<\/strong>.<\/p>\n\n\n\n<p>Ahora, Audiard lament\u00f3 que el esc\u00e1ndalo que se ha generado le est\u00e9 robando foco al trabajo que se hizo en la pantalla. Incluso, se dijo\u00a0<strong>sumamente decepcionado\u00a0<\/strong>por los comentarios de la actriz, los cuales calific\u00f3 como &#8220;inexcusables&#8221;.<\/p>\n\n\n\n<blockquote class=\"wp-block-quote is-layout-flow wp-block-quote-is-layout-flow\">\n<p>&#8220;Me resulta muy dif\u00edcil recordar el trabajo que hice con Karla. La confianza que compartimos, la atm\u00f3sfera excepcional que ten\u00edamos&#8230; y cuando tienes ese tipo de relaci\u00f3n y de repente lees algo que esa persona ha dicho, cosas que son absolutamente odiosas y dignas de ser odiadas, por supuesto que esa relaci\u00f3n se ve afectada. Porque lo que dijo es inexcusable&#8221;, dijo.\u00a0<\/p>\n<\/blockquote>\n\n\n\n<p>El cineasta franc\u00e9s tambi\u00e9n revel\u00f3 que no ha mantenido ning\u00fan tipo de contacto con Gasc\u00f3n desde que estall\u00f3 la controversia, y que no tiene intenciones de hacerlo:&nbsp;<\/p>\n\n\n\n<blockquote class=\"wp-block-quote is-layout-flow wp-block-quote-is-layout-flow\">\n<p>&#8220;No quiero hablar con ella. Est\u00e1 en una actitud autodestructiva en la que no puedo interferir. No entiendo \u00bfpor qu\u00e9 se est\u00e1 haciendo da\u00f1o a s\u00ed misma?, y lo que tampoco entiendo es \u00bfpor qu\u00e9 est\u00e1 haciendo da\u00f1o a personas que eran muy cercanas a ella?. Simplemente no entiendo por qu\u00e9 sigue haci\u00e9ndonos da\u00f1o&#8221;, agreg\u00f3.<\/p>\n<\/blockquote>\n\n\n\n<p>Seg\u00fan Audiard, la respuesta de la actriz no ha sido la adecuada; y es que lejos de reflexionar y disculparse de manera sincera, s\u00f3lo ha tratado de justificarse: &#8220;Se est\u00e1 haciendo la v\u00edctima. Habla de s\u00ed misma como v\u00edctima, lo cual es sorprendente. Es como si pensara que las palabras no duelen. Es como si pensara que las palabras no duelen&#8221;.<\/p>\n\n\n\n<p>A pesar de la controversia, y unos cu\u00e1ntos d\u00edas de que se celebre la entrega de Oscar, el creador asegur\u00f3 que continuar\u00e1 promoviendo &#8220;Emilia P\u00e9rez&#8221;, lo \u00fanico que le aflige es que la pel\u00edcula ya no ser\u00e1 la protagonista de la conversaci\u00f3n .<\/p>\n\n\n\n<p><\/p>\n\n\n\n<p><\/p>\n\n\n\n<p><\/p>\n","protected":false},"excerpt":{"rendered":"<p>Jacques Audiard, se pronunci\u00f3 por primera vez sobre la pol\u00e9mica que rodea a\u00a0Karla Sof\u00eda Gasc\u00f3n, protagonista de la cinta &#8220;Emilia P\u00e9rez&#8220;, tras viralizarse algunos de sus antiguos tuits en redes sociales.\u00a0 En los \u00faltimos d\u00edas, la actriz espa\u00f1ola fue acusada de&nbsp;difundir mensajes racistas, xen\u00f3fobos y de odio&nbsp;a trav\u00e9s de unos mensajes que public\u00f3 en 2020. [&hellip;]<\/p>\n","protected":false},"author":35,"featured_media":172078,"comment_status":"open","ping_status":"open","sticky":false,"template":"","format":"standard","meta":{"_monsterinsights_skip_tracking":false,"_monsterinsights_sitenote_active":false,"_monsterinsights_sitenote_note":"","_monsterinsights_sitenote_category":0,"footnotes":""},"categories":[576],"tags":[30067,31631,31368],"class_list":["post-172072","post","type-post","status-publish","format-standard","has-post-thumbnail","hentry","category-ocio","tag-emilia-perez","tag-jacques-audiard","tag-karla-sofia-gascon","wp-image-borders"],"amp_enabled":true,"_links":{"self":[{"href":"https:\/\/nvnoticias.mx\/index.php\/wp-json\/wp\/v2\/posts\/172072","targetHints":{"allow":["GET"]}}],"collection":[{"href":"https:\/\/nvnoticias.mx\/index.php\/wp-json\/wp\/v2\/posts"}],"about":[{"href":"https:\/\/nvnoticias.mx\/index.php\/wp-json\/wp\/v2\/types\/post"}],"author":[{"embeddable":true,"href":"https:\/\/nvnoticias.mx\/index.php\/wp-json\/wp\/v2\/users\/35"}],"replies":[{"embeddable":true,"href":"https:\/\/nvnoticias.mx\/index.php\/wp-json\/wp\/v2\/comments?post=172072"}],"version-history":[{"count":7,"href":"https:\/\/nvnoticias.mx\/index.php\/wp-json\/wp\/v2\/posts\/172072\/revisions"}],"predecessor-version":[{"id":172080,"href":"https:\/\/nvnoticias.mx\/index.php\/wp-json\/wp\/v2\/posts\/172072\/revisions\/172080"}],"wp:featuredmedia":[{"embeddable":true,"href":"https:\/\/nvnoticias.mx\/index.php\/wp-json\/wp\/v2\/media\/172078"}],"wp:attachment":[{"href":"https:\/\/nvnoticias.mx\/index.php\/wp-json\/wp\/v2\/media?parent=172072"}],"wp:term":[{"taxonomy":"category","embeddable":true,"href":"https:\/\/nvnoticias.mx\/index.php\/wp-json\/wp\/v2\/categories?post=172072"},{"taxonomy":"post_tag","embeddable":true,"href":"https:\/\/nvnoticias.mx\/index.php\/wp-json\/wp\/v2\/tags?post=172072"}],"curies":[{"name":"wp","href":"https:\/\/api.w.org\/{rel}","templated":true}]}}