{"id":1720,"date":"2021-01-19T18:15:13","date_gmt":"2021-01-20T00:15:13","guid":{"rendered":"https:\/\/nvnoticias.mx\/?p=1720"},"modified":"2021-01-19T18:17:52","modified_gmt":"2021-01-20T00:17:52","slug":"inicia-desbandada-en-congreso-piden-licencia-para-buscar-candidaturas","status":"publish","type":"post","link":"https:\/\/nvnoticias.mx\/index.php\/2021\/01\/19\/inicia-desbandada-en-congreso-piden-licencia-para-buscar-candidaturas\/","title":{"rendered":"Inicia desbandada en Congreso, piden licencia para buscar candidaturas"},"content":{"rendered":"\n<p><strong>Sam Ojeda\u00a0\/ NV Noticias<\/strong> <br><br>Xalapa.- En la sesi\u00f3n de este martes, la Mesa Directiva del Congreso de Veracruz dio entrada a la solicitud de licencia de los diputados Amado Cruz Malpica y Sergio Hern\u00e1ndez Hern\u00e1ndez.\u00a0<br><br>Ambos solicitaron licencia para contender por candidaturas al interior de sus partidos, el Partido Acci\u00f3n Nacional (PAN) y Movimiento de Regeneraci\u00f3n Nacional (Morena).\u00a0<br><br>En el caso del morenista Amado Cruz Malpica solicit\u00f3 licencia al cargo a partir del 28 de enero y hasta el pr\u00f3ximo 30 de junio de este a\u00f1o, por lo que su suplente asumir\u00eda el cargo Jes\u00fas Armando Mart\u00ednez Mendoza.\u00a0<br><br>El panista Sergio Hern\u00e1ndez Hern\u00e1ndez solicit\u00f3 licencia por 25 d\u00edas, del 22 de enero al 15 de febrero de 2021, para buscar la candidatura de su partido a la presidencia municipal de Xalapa y la curul ser\u00e1 tomada por su suplente Mizraim Eligio Castellanos Enr\u00edquez.\u00a0<br><br>Este martes tambi\u00e9n se dio entrada al oficio del presidente municipal de Amatl\u00e1n de los Reyes, Eduardo Rojas Camacho, que solicit\u00f3\u00a0 licencia en el periodo comprendido del 20 de enero al 7 de junio de este a\u00f1o por lo que ser\u00e1 llamado suplente Orlando S\u00e1nchez Ortiz, ya que Rojas Camacho buscar\u00e1 la candidatura a la diputaci\u00f3n local por C\u00f3rdoba.\u00a0<\/p>\n\n\n\n<p>Tambi\u00e9n el diputado panista Juan Manuel de Unanue Abascal pidi\u00f3 separarse del cargo sin goce de sueldo por un periodo de 30 d\u00edas, contados a partir del 21 de enero y por un periodo de 30 d\u00edas, por lo que se llamar\u00e1 a su suplente Carlos Alberto Triana Garc\u00eda. <br><br><\/p>\n","protected":false},"excerpt":{"rendered":"<p>Sam Ojeda\u00a0\/ NV Noticias Xalapa.- En la sesi\u00f3n de este martes, la Mesa Directiva del Congreso de Veracruz dio entrada a la solicitud de licencia de los diputados Amado Cruz Malpica y Sergio Hern\u00e1ndez Hern\u00e1ndez.\u00a0 Ambos solicitaron licencia para contender por candidaturas al interior de sus partidos, el Partido Acci\u00f3n Nacional (PAN) y Movimiento de [&hellip;]<\/p>\n","protected":false},"author":6,"featured_media":1724,"comment_status":"open","ping_status":"open","sticky":false,"template":"","format":"standard","meta":{"_monsterinsights_skip_tracking":false,"_monsterinsights_sitenote_active":false,"_monsterinsights_sitenote_note":"","_monsterinsights_sitenote_category":0,"footnotes":""},"categories":[158],"tags":[348,566,321,565,162,180],"class_list":["post-1720","post","type-post","status-publish","format-standard","has-post-thumbnail","hentry","category-politica","tag-congreso","tag-diputados","tag-elecciones2021","tag-licencias","tag-portada","tag-veracruz","wp-image-borders"],"amp_enabled":true,"_links":{"self":[{"href":"https:\/\/nvnoticias.mx\/index.php\/wp-json\/wp\/v2\/posts\/1720","targetHints":{"allow":["GET"]}}],"collection":[{"href":"https:\/\/nvnoticias.mx\/index.php\/wp-json\/wp\/v2\/posts"}],"about":[{"href":"https:\/\/nvnoticias.mx\/index.php\/wp-json\/wp\/v2\/types\/post"}],"author":[{"embeddable":true,"href":"https:\/\/nvnoticias.mx\/index.php\/wp-json\/wp\/v2\/users\/6"}],"replies":[{"embeddable":true,"href":"https:\/\/nvnoticias.mx\/index.php\/wp-json\/wp\/v2\/comments?post=1720"}],"version-history":[{"count":1,"href":"https:\/\/nvnoticias.mx\/index.php\/wp-json\/wp\/v2\/posts\/1720\/revisions"}],"predecessor-version":[{"id":1722,"href":"https:\/\/nvnoticias.mx\/index.php\/wp-json\/wp\/v2\/posts\/1720\/revisions\/1722"}],"wp:featuredmedia":[{"embeddable":true,"href":"https:\/\/nvnoticias.mx\/index.php\/wp-json\/wp\/v2\/media\/1724"}],"wp:attachment":[{"href":"https:\/\/nvnoticias.mx\/index.php\/wp-json\/wp\/v2\/media?parent=1720"}],"wp:term":[{"taxonomy":"category","embeddable":true,"href":"https:\/\/nvnoticias.mx\/index.php\/wp-json\/wp\/v2\/categories?post=1720"},{"taxonomy":"post_tag","embeddable":true,"href":"https:\/\/nvnoticias.mx\/index.php\/wp-json\/wp\/v2\/tags?post=1720"}],"curies":[{"name":"wp","href":"https:\/\/api.w.org\/{rel}","templated":true}]}}