{"id":171946,"date":"2025-02-04T14:49:52","date_gmt":"2025-02-04T20:49:52","guid":{"rendered":"https:\/\/nvnoticias.mx\/?p=171946"},"modified":"2025-02-04T14:49:53","modified_gmt":"2025-02-04T20:49:53","slug":"karla-sofia-gascon-es-eliminada-de-la-publicidad-de-emilia-perez","status":"publish","type":"post","link":"https:\/\/nvnoticias.mx\/index.php\/2025\/02\/04\/karla-sofia-gascon-es-eliminada-de-la-publicidad-de-emilia-perez\/","title":{"rendered":"Karla Sof\u00eda Gasc\u00f3n es eliminada de la publicidad de Emilia P\u00e9rez"},"content":{"rendered":"\n<p>La controversia que envuelve a<strong>\u00a0Karla Sof\u00eda Gasc\u00f3n<\/strong>, protagonista de\u00a0<em>Emilia P\u00e9rez<\/em>, parece haber llegado a un punto cr\u00edtico. En redes sociales, usuarios comenzaron a compartir im\u00e1genes de\u00a0<strong>un nuevo p\u00f3ster promocional<\/strong>\u00a0\u201cFor Your Consideration\u201d para los \u00d3scar, donde Netflix busca destacar las categor\u00edas en las que la cinta compite. Sin embargo, lo que llam\u00f3 la atenci\u00f3n fue<strong>\u00a0la ausencia total de Gasc\u00f3n<\/strong>, quien anteriormente ocupaba un lugar central en la publicidad de la pel\u00edcula.<a href=\"https:\/\/www.infobae.com\/mexico\/2025\/02\/04\/votantes-de-los-oscar-ya-consideran-no-apoyar-a-emilia-perez-en-ninguna-de-sus-13-nominaciones-se-ha-vuelto-toxica\/\" target=\"_blank\" rel=\"noreferrer noopener\"><\/a><\/p>\n\n\n\n<p><strong>\u201cEl nuevo&nbsp;<\/strong><em><strong>For Your Consideration<\/strong><\/em><strong>&nbsp;de Netflix para&nbsp;<\/strong><em><strong>Emilia P\u00e9rez<\/strong><\/em><strong>&nbsp;elimina por completo a Karla Sof\u00eda Gasc\u00f3n\u201d<\/strong>, se\u00f1al\u00f3 un usuario en X, quien acompa\u00f1\u00f3 la publicaci\u00f3n con una imagen del cartel. En este, es sobre todo el rostro de Zoe Salda\u00f1a y su personaje los que ocupan el protagonismo, mientras que Gasc\u00f3n, quien interpreta al personaje principal en la cinta, ha sido completamente excluida.<\/p>\n\n\n\n<p>Las reacciones no se hicieron esperar en redes sociales. Algunos usuarios vieron esto como un acto merecido tras las m\u00faltiples pol\u00e9micas que han rodeado a la actriz espa\u00f1ola en los \u00faltimos d\u00edas.<strong>\u00a0\u201cEsto s\u00ed que es una cancelaci\u00f3n en toda regla\u201d<\/strong>, coment\u00f3 un internauta. Otro usuario fue a\u00fan m\u00e1s contundente: \u201cSe lo merece. Un gancho al ego inflad\u00edsimo de Gasc\u00f3n\u201d.<\/p>\n\n\n\n<p>Desde que&nbsp;<strong>resurgieron sus antiguos tuits racistas e islam\u00f3fobos<\/strong>, Karla Sof\u00eda Gasc\u00f3n ha enfrentado un creciente escrutinio p\u00fablico y profesional. Aunque la actriz ofreci\u00f3 una disculpa en su cuenta de Instagram, argumentando que las publicaciones se hab\u00edan sacado de contexto, esto no evit\u00f3 que las cr\u00edticas hacia su comportamiento afectaran la campa\u00f1a de&nbsp;<em>Emilia P\u00e9rez<\/em>.<\/p>\n\n\n\n<p>El reporte m\u00e1s reciente de&nbsp;<em>The Hollywood Reporter<\/em>&nbsp;tambi\u00e9n indic\u00f3 que&nbsp;<strong>Netflix dej\u00f3 de financiar las actividades de Gasc\u00f3n en la temporada de premios<\/strong>, limitando su participaci\u00f3n a Europa.<\/p>\n\n\n\n<p>Por consiguiente, la plataforma de\u00a0<em>streaming<\/em>habr\u00eda decidido<strong>\u00a0minimizar su presencia en los materiales promocionales\u00a0<\/strong>de la pel\u00edcula para proteger a otros nominados, como Zoe Salda\u00f1a, quien es la favorita para ganar el Oscar en la categor\u00eda de Mejor Actriz de Reparto.<\/p>\n\n\n\n<p>Fuente: <a href=\"https:\/\/www.infobae.com\/mexico\/2025\/02\/04\/karla-sofia-gascon-es-eliminada-de-la-publicidad-de-emilia-perez-de-cara-a-los-oscar-una-cancelacion-en-toda-regla\/\">Infobae<\/a><\/p>\n\n\n\n<p><\/p>\n\n\n\n<p><\/p>\n\n\n\n<p><\/p>\n","protected":false},"excerpt":{"rendered":"<p>La controversia que envuelve a\u00a0Karla Sof\u00eda Gasc\u00f3n, protagonista de\u00a0Emilia P\u00e9rez, parece haber llegado a un punto cr\u00edtico. En redes sociales, usuarios comenzaron a compartir im\u00e1genes de\u00a0un nuevo p\u00f3ster promocional\u00a0\u201cFor Your Consideration\u201d para los \u00d3scar, donde Netflix busca destacar las categor\u00edas en las que la cinta compite. Sin embargo, lo que llam\u00f3 la atenci\u00f3n fue\u00a0la ausencia [&hellip;]<\/p>\n","protected":false},"author":35,"featured_media":171557,"comment_status":"open","ping_status":"open","sticky":false,"template":"","format":"standard","meta":{"_monsterinsights_skip_tracking":false,"_monsterinsights_sitenote_active":false,"_monsterinsights_sitenote_note":"","_monsterinsights_sitenote_category":0,"footnotes":""},"categories":[576],"tags":[30067,31368],"class_list":["post-171946","post","type-post","status-publish","format-standard","has-post-thumbnail","hentry","category-ocio","tag-emilia-perez","tag-karla-sofia-gascon","wp-image-borders"],"amp_enabled":true,"_links":{"self":[{"href":"https:\/\/nvnoticias.mx\/index.php\/wp-json\/wp\/v2\/posts\/171946","targetHints":{"allow":["GET"]}}],"collection":[{"href":"https:\/\/nvnoticias.mx\/index.php\/wp-json\/wp\/v2\/posts"}],"about":[{"href":"https:\/\/nvnoticias.mx\/index.php\/wp-json\/wp\/v2\/types\/post"}],"author":[{"embeddable":true,"href":"https:\/\/nvnoticias.mx\/index.php\/wp-json\/wp\/v2\/users\/35"}],"replies":[{"embeddable":true,"href":"https:\/\/nvnoticias.mx\/index.php\/wp-json\/wp\/v2\/comments?post=171946"}],"version-history":[{"count":6,"href":"https:\/\/nvnoticias.mx\/index.php\/wp-json\/wp\/v2\/posts\/171946\/revisions"}],"predecessor-version":[{"id":171952,"href":"https:\/\/nvnoticias.mx\/index.php\/wp-json\/wp\/v2\/posts\/171946\/revisions\/171952"}],"wp:featuredmedia":[{"embeddable":true,"href":"https:\/\/nvnoticias.mx\/index.php\/wp-json\/wp\/v2\/media\/171557"}],"wp:attachment":[{"href":"https:\/\/nvnoticias.mx\/index.php\/wp-json\/wp\/v2\/media?parent=171946"}],"wp:term":[{"taxonomy":"category","embeddable":true,"href":"https:\/\/nvnoticias.mx\/index.php\/wp-json\/wp\/v2\/categories?post=171946"},{"taxonomy":"post_tag","embeddable":true,"href":"https:\/\/nvnoticias.mx\/index.php\/wp-json\/wp\/v2\/tags?post=171946"}],"curies":[{"name":"wp","href":"https:\/\/api.w.org\/{rel}","templated":true}]}}