{"id":171787,"date":"2025-02-03T13:01:21","date_gmt":"2025-02-03T19:01:21","guid":{"rendered":"https:\/\/nvnoticias.mx\/?p=171787"},"modified":"2025-02-03T13:01:23","modified_gmt":"2025-02-03T19:01:23","slug":"invita-imss-veracruz-norte-al-reclutamiento-de-medicos-especialistas-2025","status":"publish","type":"post","link":"https:\/\/nvnoticias.mx\/index.php\/2025\/02\/03\/invita-imss-veracruz-norte-al-reclutamiento-de-medicos-especialistas-2025\/","title":{"rendered":"Invita IMSS Veracruz Norte\u00a0al reclutamiento\u00a0de M\u00e9dicos Especialistas\u00a02025"},"content":{"rendered":"\n<p><\/p>\n\n\n\n<p>\u2022&nbsp;<strong>Se podr\u00e1 realizar el prer<\/strong><strong>r<\/strong><strong>egistro de manera virtual desde este momento<\/strong><strong>.<\/strong><\/p>\n\n\n\n<p>Con la finalidad de&nbsp;ofrecer atenci\u00f3n profesional a la poblaci\u00f3n derechohabiente,&nbsp;el&nbsp;Instituto Mexicano del Seguro Social (IMSS) en Veracruz Norte&nbsp;invita a las m\u00e9dicas y m\u00e9dicos con c\u00e9dula profesional a participar en el Reclutamiento de M\u00e9dicos Especialistas, el cual se llevar\u00e1 a cabo del 26 de febrero al 13 de marzo en el Centro de Convenciones Churubusco del Sindicato Nacional de Trabajadores de Seguro Social&nbsp;(SNTSS), en la Ciudad de M\u00e9xico.<\/p>\n\n\n\n<p>En este sentido, en la&nbsp;Zona 1&nbsp;de la&nbsp;representaci\u00f3n,correspondiente a&nbsp;Tuxpan,&nbsp;Poza Rica y Mart\u00ednez de la Torre,&nbsp;se cuenta con disponibilidad&nbsp;plazas para las especialidades de:Cardiolog\u00eda, Cirug\u00eda general, Cirug\u00eda pl\u00e1stica y&nbsp;Reconstructiva; Endoscopia, Geriatr\u00eda, Ginecolog\u00eda y&nbsp;Obstetricia;&nbsp;Medicina&nbsp;F\u00edsica y&nbsp;Rehabilitaci\u00f3n, Medicina&nbsp;Interna, Neurocirug\u00eda, Neurolog\u00eda, Oftalmolog\u00eda, Otorrinolaringolog\u00eda, Pediatr\u00eda en Urgencias, Pediatr\u00eda M\u00e9dica, Psiquiatr\u00eda, Radiodiagn\u00f3stico, Salud en el&nbsp;Trabajo, Traumatolog\u00eda y Ortopedia; Urgencias, Urolog\u00eda y Medicina Familiar.<\/p>\n\n\n\n<p>Para la Zona 2, que abarca de Xalapa a Veracruz, se cuenta con plazas para las especialidades de:&nbsp;Alergia e Inmunolog\u00eda; Angiolog\u00eda, Calidad en la&nbsp;Atenci\u00f3n, Cardiolog\u00eda, Cirug\u00eda&nbsp;Cardiovascular&nbsp;Tor\u00e1cica, Cirug\u00eda&nbsp;General, Cirug\u00eda&nbsp;Pl\u00e1stica y&nbsp;Reconstructiva, Dermatolog\u00eda, Endocrinolog\u00eda, Endocrinolog\u00eda&nbsp;Pedi\u00e1trica, Endoscopia, Geriatr\u00eda, Fisiolog\u00eda&nbsp;Cardiopulmonar,Gastroenterolog\u00eda, Hemodinamia, Infectolog\u00eda, Medicina Interna,&nbsp;Urolog\u00eda,&nbsp;Nefrolog\u00eda, Neurolog\u00eda, Oftalmolog\u00eda, Oncolog\u00eda,&nbsp;Pediatr\u00eda M\u00e9dica, Proctolog\u00eda, Psiquiatr\u00eda, Radiodiagn\u00f3stico, Reumatolog\u00eda&nbsp;Pedi\u00e1trica, Salud en el&nbsp;Trabajo y Medicina Familiar.<\/p>\n\n\n\n<p>En la \u201cZona 3\u201d, ubicada de Lerdo de Tejada a San Andr\u00e9s Tuxtla, se dispone de plazas para las especialidades de: Anestesiolog\u00eda, Cirug\u00eda&nbsp;General, Ginecolog\u00eda y Obstetricia; Medicina&nbsp;Interna, Oftalmolog\u00eda, Pediatr\u00eda M\u00e9dica, Radiodiagn\u00f3stico, Traumatolog\u00eda y Ortopedia; Urgencias y Medicina familiar.<\/p>\n\n\n\n<p>Cabe se\u00f1alar que,&nbsp;en la p\u00e1gina web&nbsp;http:\/\/rh.imss.gob.mx\/ResidentesInterno\/&nbsp;se encuentra la convocatoria nacional, donde podr\u00e1n realizar el prerregistro&nbsp;yuna vez efectuado, deber\u00e1n mantenerse al pendiente de su correo electr\u00f3nico, ya que ah\u00ed les llegar\u00e1 informaci\u00f3n importante sobre el evento.<\/p>\n","protected":false},"excerpt":{"rendered":"<p>\u2022&nbsp;Se podr\u00e1 realizar el prerregistro de manera virtual desde este momento. Con la finalidad de&nbsp;ofrecer atenci\u00f3n profesional a la poblaci\u00f3n derechohabiente,&nbsp;el&nbsp;Instituto Mexicano del Seguro Social (IMSS) en Veracruz Norte&nbsp;invita a las m\u00e9dicas y m\u00e9dicos con c\u00e9dula profesional a participar en el Reclutamiento de M\u00e9dicos Especialistas, el cual se llevar\u00e1 a cabo del 26 de febrero [&hellip;]<\/p>\n","protected":false},"author":35,"featured_media":171788,"comment_status":"open","ping_status":"open","sticky":false,"template":"","format":"standard","meta":{"_monsterinsights_skip_tracking":false,"_monsterinsights_sitenote_active":false,"_monsterinsights_sitenote_note":"","_monsterinsights_sitenote_category":0,"footnotes":""},"categories":[154],"tags":[1687],"class_list":["post-171787","post","type-post","status-publish","format-standard","has-post-thumbnail","hentry","category-veracruz","tag-imss-veracruz-norte","wp-image-borders"],"amp_enabled":true,"_links":{"self":[{"href":"https:\/\/nvnoticias.mx\/index.php\/wp-json\/wp\/v2\/posts\/171787","targetHints":{"allow":["GET"]}}],"collection":[{"href":"https:\/\/nvnoticias.mx\/index.php\/wp-json\/wp\/v2\/posts"}],"about":[{"href":"https:\/\/nvnoticias.mx\/index.php\/wp-json\/wp\/v2\/types\/post"}],"author":[{"embeddable":true,"href":"https:\/\/nvnoticias.mx\/index.php\/wp-json\/wp\/v2\/users\/35"}],"replies":[{"embeddable":true,"href":"https:\/\/nvnoticias.mx\/index.php\/wp-json\/wp\/v2\/comments?post=171787"}],"version-history":[{"count":2,"href":"https:\/\/nvnoticias.mx\/index.php\/wp-json\/wp\/v2\/posts\/171787\/revisions"}],"predecessor-version":[{"id":171790,"href":"https:\/\/nvnoticias.mx\/index.php\/wp-json\/wp\/v2\/posts\/171787\/revisions\/171790"}],"wp:featuredmedia":[{"embeddable":true,"href":"https:\/\/nvnoticias.mx\/index.php\/wp-json\/wp\/v2\/media\/171788"}],"wp:attachment":[{"href":"https:\/\/nvnoticias.mx\/index.php\/wp-json\/wp\/v2\/media?parent=171787"}],"wp:term":[{"taxonomy":"category","embeddable":true,"href":"https:\/\/nvnoticias.mx\/index.php\/wp-json\/wp\/v2\/categories?post=171787"},{"taxonomy":"post_tag","embeddable":true,"href":"https:\/\/nvnoticias.mx\/index.php\/wp-json\/wp\/v2\/tags?post=171787"}],"curies":[{"name":"wp","href":"https:\/\/api.w.org\/{rel}","templated":true}]}}