{"id":171695,"date":"2025-02-03T09:17:24","date_gmt":"2025-02-03T15:17:24","guid":{"rendered":"https:\/\/nvnoticias.mx\/?p=171695"},"modified":"2025-02-03T09:17:25","modified_gmt":"2025-02-03T15:17:25","slug":"la-salud-mental","status":"publish","type":"post","link":"https:\/\/nvnoticias.mx\/index.php\/2025\/02\/03\/la-salud-mental\/","title":{"rendered":"La salud mental"},"content":{"rendered":"\n<p><\/p>\n\n\n\n<p><strong>Gladys P\u00e9rez Maldonado.<\/strong><\/p>\n\n\n\n<p>&nbsp;&nbsp;&nbsp;&nbsp;&nbsp;&nbsp;&nbsp;&nbsp;&nbsp;&nbsp;&nbsp; Usted se preguntar\u00e1: \u00bfQu\u00e9 es la salud mental? La Organizaci\u00f3n Mundial de la Salud la define como <em>\u201c\u2026un estado de bienestar mental que permite a las personas hacer frente a los momentos de estr\u00e9s de la vida, desarrollar todas sus habilidades, poder aprender y trabajar adecuadamente y contribuir a la mejora de su comunidad. Es parte fundamental de la salud y el bienestar que sustenta nuestras capacidades individuales y colectivas para tomar decisiones, establecer relaciones y dar forma al mundo en el que vivimos\u2026\u201d.<\/em><\/p>\n\n\n\n<p>&nbsp;&nbsp;&nbsp;&nbsp;&nbsp;&nbsp;&nbsp;&nbsp;&nbsp;&nbsp;&nbsp; Adem\u00e1s, la salud mental es un derecho humano fundamental y un elemento esencial para el desarrollo personal, comunitario y socioecon\u00f3mico.<\/p>\n\n\n\n<p>&nbsp;&nbsp;&nbsp;&nbsp;&nbsp;&nbsp;&nbsp;&nbsp;&nbsp;&nbsp;&nbsp; No se puede entender a la salud mental como una realidad totalmente separada de la salud f\u00edsica. Los trastornos mentales est\u00e1n interconectados con las enfermedades f\u00edsicas.<\/p>\n\n\n\n<p>&nbsp;&nbsp;&nbsp;&nbsp;&nbsp;&nbsp;&nbsp;&nbsp;&nbsp;&nbsp;&nbsp; De acuerdo con el profesor em\u00e9rito de la Facultad de Psicolog\u00eda de la Universidad Nacional Aut\u00f3noma de M\u00e9xico (UNAM), Juan Jos\u00e9 S\u00e1nchez Sosa, dimensionar la gravedad de los problemas de salud mental, es de vital importancia ya que la depresi\u00f3n es una de las principales causas de discapacidad entre adolescentes a escala mundial y el suicidio es la cuarta causa de muerte entre j\u00f3venes de 15 a 19 a\u00f1os de edad.<\/p>\n\n\n\n<p>&nbsp;&nbsp;&nbsp;&nbsp;&nbsp;&nbsp;&nbsp;&nbsp;&nbsp;&nbsp;&nbsp; S\u00e1nchez Sosa, recalca la importancia de reemplazar la vieja idea de que ir al psic\u00f3logo o al psiquiatra es porque uno est\u00e1 \u201cloco\u201d, pues alrededor de las enfermedades mentales existen decenas de tab\u00faes, por ejemplo, existe la idea de que los trastornos mentales se producen por debilidad emocional o que son propios de personas sentimentales que exageran las emociones.<\/p>\n\n\n\n<p>&nbsp;&nbsp;&nbsp;&nbsp;&nbsp;&nbsp;&nbsp;&nbsp;&nbsp;&nbsp;&nbsp; Es muy importante identificar las se\u00f1ales de advertencia que podr\u00edan indicar que usted o un ser querido puede tener un problema de salud mental, por mencionar algunas: si se deja de compartir con personas o situaciones que sol\u00eda disfrutar, padecer de trastornos de sue\u00f1o como el insomnio, tener los niveles de energ\u00eda muy por debajo de lo normal, consumir drogas o alcohol en exceso o sufrir cambios de humor repentinos que afectan sus relaciones. (Fuente: <a href=\"http:\/\/www.who.int\">www.who.int<\/a>)&nbsp;<\/p>\n\n\n\n<p>Derivado de la pandemia del Covid-19, muchas personas -algunas en un grado menor o mayor que otras- las dedicadas a los servicios de salud y\/o de atenci\u00f3n de primera l\u00ednea, los estudiantes, las personas que viven solas, las personas de la tercera edad, las que tienen afecciones mentales preexistentes, las ni\u00f1as, los ni\u00f1os y los adolescentes, las mujeres que viven en situaci\u00f3n de violencia familiar, se han vistos especialmente afectados en su salud mental y qued\u00f3 demostrado que ninguna naci\u00f3n del mundo estaba preparada para la crisis de salud mental asociada en sus efectos.<\/p>\n\n\n\n<p>Las pol\u00edticas p\u00fablicas nacionales de fortalecimiento de la salud mental no deben limitarse a proteger y promover el bienestar mental de todos, sino tambi\u00e9n atender las necesidades de las personas que padecen afecciones de salud mental.<\/p>\n\n\n\n<p>Esto debe hacerse mediante la atenci\u00f3n de salud mental de base comunitaria, que es m\u00e1s accesible y aceptable que la asistencia institucional, ayuda a prevenir violaciones de derechos humanos y ofrece mejores resultados en la recuperaci\u00f3n de quienes padecen este tipo de afectaciones.<\/p>\n\n\n\n<p>Todos los estados miembros de la Organizaci\u00f3n Mundial de la Salud se han comprometido a aplicar el Plan de Acci\u00f3n Integral sobre Salud Mental 2013-2030, cuyo objetivo es mejorar la salud mental por medio de un liderazgo y una gobernanza m\u00e1s eficaces, la prestaci\u00f3n de una atenci\u00f3n completa, integrada y adaptada a las necesidades en un marco comunitario, la aplicaci\u00f3n de estrategias de promoci\u00f3n y prevenci\u00f3n y el fortalecimiento de los sistemas de informaci\u00f3n, los datos cient\u00edficos y las investigaciones, entre ellos M\u00e9xico.<\/p>\n\n\n\n<p>No obstante, en el <em>Informe mundial sobre salud mental: transformar la salud mental para todos, <\/em>publicado por la OMS, se hace un llamamiento a todos los pa\u00edses para que aceleren la aplicaci\u00f3n del plan de acci\u00f3n, en tanto se ha demostrado resultados insuficientes en relaci\u00f3n con los objetivos acordados.<\/p>\n\n\n\n<p>La Agenda 2030 para el Desarrollo Sostenible y los Objetivos de Desarrollo Sostenible (ODS) adoptada en el 70\u00ba per\u00edodo de sesiones de la Asamblea General de las Naciones Unidas no podr\u00e1 alcanzarse al menos que se haga una inversi\u00f3n significativa en la mejora del bienestar mental de todos.<\/p>\n\n\n\n<p>En una encuesta realizada a 23.667 adultos menores de 75 a\u00f1os de 31 pa\u00edses entre julio y agosto de 2024, los resultados revelan que la salud mental es considerada por&nbsp; el 45 % de los entrevistados como el principal problema de salud, seguida de cerca por el 38 % que dijo que era el c\u00e1ncer y&nbsp; el 31 % decidi\u00f3 por el estr\u00e9s. (Fuente:&nbsp; Forbes- Ipsos y Statista, Consumers Insigths).<\/p>\n\n\n\n<p>M\u00e9xico debe implementar pol\u00edticas p\u00fablicas de protecci\u00f3n y promoci\u00f3n de los derechos humanos que aumenten el valor que otorgan a la salud mental las personas, las comunidades y los gobiernos y hacer que todas las partes interesadas, de todos los sectores, se comprometan a favor de la salud mental e inviertan en ella, tomando en cuenta las carater\u00edsticas f\u00edsicas, sociales y econ\u00f3micas&nbsp; familiares, educativas y laborales, ampliando la atenci\u00f3n de salud mental para que todas las necesidades en el tema sean cubiertas por una red comunitaria y por servicios de apoyo accesibles, asequibles y de calidad.<\/p>\n\n\n\n<p>Fortalecer la salud mental de las personas genera la verdadera transformaci\u00f3n de una naci\u00f3n\u2026<\/p>\n","protected":false},"excerpt":{"rendered":"<p>Gladys P\u00e9rez Maldonado. &nbsp;&nbsp;&nbsp;&nbsp;&nbsp;&nbsp;&nbsp;&nbsp;&nbsp;&nbsp;&nbsp; Usted se preguntar\u00e1: \u00bfQu\u00e9 es la salud mental? La Organizaci\u00f3n Mundial de la Salud la define como \u201c\u2026un estado de bienestar mental que permite a las personas hacer frente a los momentos de estr\u00e9s de la vida, desarrollar todas sus habilidades, poder aprender y trabajar adecuadamente y contribuir a la mejora [&hellip;]<\/p>\n","protected":false},"author":45,"featured_media":171696,"comment_status":"open","ping_status":"open","sticky":false,"template":"","format":"standard","meta":{"_monsterinsights_skip_tracking":false,"_monsterinsights_sitenote_active":false,"_monsterinsights_sitenote_note":"","_monsterinsights_sitenote_category":0,"footnotes":""},"categories":[15405],"tags":[15415],"class_list":["post-171695","post","type-post","status-publish","format-standard","has-post-thumbnail","hentry","category-alguien-como-tu","tag-gladys-perez-maldonado","wp-image-borders"],"amp_enabled":true,"_links":{"self":[{"href":"https:\/\/nvnoticias.mx\/index.php\/wp-json\/wp\/v2\/posts\/171695","targetHints":{"allow":["GET"]}}],"collection":[{"href":"https:\/\/nvnoticias.mx\/index.php\/wp-json\/wp\/v2\/posts"}],"about":[{"href":"https:\/\/nvnoticias.mx\/index.php\/wp-json\/wp\/v2\/types\/post"}],"author":[{"embeddable":true,"href":"https:\/\/nvnoticias.mx\/index.php\/wp-json\/wp\/v2\/users\/45"}],"replies":[{"embeddable":true,"href":"https:\/\/nvnoticias.mx\/index.php\/wp-json\/wp\/v2\/comments?post=171695"}],"version-history":[{"count":1,"href":"https:\/\/nvnoticias.mx\/index.php\/wp-json\/wp\/v2\/posts\/171695\/revisions"}],"predecessor-version":[{"id":171698,"href":"https:\/\/nvnoticias.mx\/index.php\/wp-json\/wp\/v2\/posts\/171695\/revisions\/171698"}],"wp:featuredmedia":[{"embeddable":true,"href":"https:\/\/nvnoticias.mx\/index.php\/wp-json\/wp\/v2\/media\/171696"}],"wp:attachment":[{"href":"https:\/\/nvnoticias.mx\/index.php\/wp-json\/wp\/v2\/media?parent=171695"}],"wp:term":[{"taxonomy":"category","embeddable":true,"href":"https:\/\/nvnoticias.mx\/index.php\/wp-json\/wp\/v2\/categories?post=171695"},{"taxonomy":"post_tag","embeddable":true,"href":"https:\/\/nvnoticias.mx\/index.php\/wp-json\/wp\/v2\/tags?post=171695"}],"curies":[{"name":"wp","href":"https:\/\/api.w.org\/{rel}","templated":true}]}}