{"id":171563,"date":"2025-01-31T14:15:49","date_gmt":"2025-01-31T20:15:49","guid":{"rendered":"https:\/\/nvnoticias.mx\/?p=171563"},"modified":"2025-01-31T14:15:50","modified_gmt":"2025-01-31T20:15:50","slug":"scream-7-confirma-el-regreso-de-matthew-lillard-y-scott-foley","status":"publish","type":"post","link":"https:\/\/nvnoticias.mx\/index.php\/2025\/01\/31\/scream-7-confirma-el-regreso-de-matthew-lillard-y-scott-foley\/","title":{"rendered":"\u201cScream 7\u201d confirma el regreso de Matthew Lillard y Scott Foley"},"content":{"rendered":"\n<p><strong>Scream<\/strong>\u00a0es una franquicia que marc\u00f3 un antes y un despu\u00e9s en los a\u00f1os noventa, al dar un giro sat\u00edrico y autoconsciente al g\u00e9nero del terror. En la historia, un asesino enmascarado, m\u00e1s tarde conocido como\u00a0<strong>Ghostface<\/strong>, comienza a acechar a un grupo de adolescentes. Dirigida por\u00a0<strong>Wes Craven (Pesadilla en la calle Elm)<\/strong>\u00a0y con un guion de\u00a0<strong>Kevin Williamson<\/strong>\u00a0(<strong>S\u00e9 lo que hicieron el verano pasado<\/strong>),\u00a0<strong>Scream<\/strong>\u00a0rompi\u00f3 con los estereotipos t\u00edpicos de los\u00a0<em>slasher<\/em>\u00a0de su tiempo, estableciendo un nuevo est\u00e1ndar. Ahora, la s\u00e9ptima entrega de la saga est\u00e1 en desarrollo, y se ha confirmado que dos actores de pel\u00edculas anteriores regresar\u00e1n para la nueva trama.<\/p>\n\n\n\n<p>La gran novedad es que&nbsp;<strong>Matthew Lillard<\/strong>&nbsp;(<strong>Five Nights at Freddy\u2019s<\/strong>,&nbsp;<strong>Scooby-Doo<\/strong>) sorprendi\u00f3 a sus seguidores en redes sociales con un video en el que anunciaba su regreso a la franquicia, acompa\u00f1ado del texto&nbsp;<em>\u201c\u00a1Mi mam\u00e1 y mi pap\u00e1 estar\u00e1n muy enojados conmigo!\u201d.&nbsp;<\/em><strong>Lillard&nbsp;<\/strong>ha sido una pieza clave en la saga, recordado por su interpretaci\u00f3n de&nbsp;<strong>Stuart \u2018Stu\u2019 Macher<\/strong>&nbsp;en 1996. Aunque el final de su personaje dej\u00f3 dudas sobre su posible regreso, los fan\u00e1ticos est\u00e1n expectantes por conocer c\u00f3mo encajar\u00e1 en la nueva entrega. Adem\u00e1s,&nbsp;<strong>Scott Foley<\/strong>&nbsp;(<strong>Felicity<\/strong>), quien particip\u00f3 en<strong>&nbsp;Scream 3&nbsp;<\/strong>interpretando a&nbsp;<strong>Roman Bridger<\/strong>, medio hermano de&nbsp;<strong>Sidney Prescott<\/strong>, tambi\u00e9n formar\u00e1 parte de<strong>&nbsp;Scream 7.<\/strong><\/p>\n\n\n\n<p>Ambos actores se unir\u00e1n a un reparto que ya cuenta con varias estrellas confirmadas.\u00a0<strong>Neve Campbell<\/strong>\u00a0(<strong>Criaturas salvajes<\/strong>,\u00a0<strong>Twisted Metal<\/strong>) retomar\u00e1 su ic\u00f3nico papel como\u00a0<strong>Sidney Prescott<\/strong>, mientras que\u00a0<strong>Courteney Cox<\/strong>\u00a0(<strong>Friends<\/strong>) volver\u00e1 a interpretar a la intr\u00e9pida periodista<strong>Gale Weathers<\/strong>. Tambi\u00e9n estar\u00e1n\u00a0<strong>Jasmin Savoy Brown\u00a0<\/strong>(<strong>Yellowjackets<\/strong>) y\u00a0<strong>Mason Gooding\u00a0<\/strong>(<strong>V\u00e9rtigo<\/strong>), quienes han sido parte de las entregas m\u00e1s recientes. A ellos se suman nuevos rostros como\u00a0<strong>Joel McHale<\/strong>\u00a0(<strong>Community<\/strong>),\u00a0<strong>Isabel May<\/strong>(<strong>1883<\/strong>),\u00a0<strong>Mckenna Grace<\/strong>\u00a0(<strong>Un don excepcional<\/strong>,\u00a0<strong>Ghostbusters: El legado<\/strong>),\u00a0<strong>Celeste O\u2019Connor<\/strong>(<strong>Madame Web<\/strong>) y\u00a0<strong>Asa Germann<\/strong>\u00a0(<strong>The Boys<\/strong>), quienes aportar\u00e1n frescura al pr\u00f3ximo largometraje de la saga.<\/p>\n\n\n\n<p>Aunque los detalles de la historia a\u00fan no han sido revelados, algunos informes sugieren que la pel\u00edcula podr\u00eda dar un giro inesperado en la l\u00ednea temporal. Se especula que la trama avanzar\u00e1 varios a\u00f1os despu\u00e9s de los sucesos de la \u00faltima entrega, permitiendo que los hijos de&nbsp;<strong>Sidney Prescott<\/strong>&nbsp;tengan un rol m\u00e1s activo en la narrativa.<\/p>\n\n\n\n<p>En cuanto a la producci\u00f3n,&nbsp;<strong>Scream 7<\/strong>&nbsp;ya est\u00e1 en marcha con&nbsp;<strong>Kevin Williamson<\/strong>, el guionista de la cinta original, asumiendo la direcci\u00f3n. Su participaci\u00f3n ha despertado entusiasmo entre los seguidores de la franquicia, quienes esperan que la pel\u00edcula recupere la esencia del cl\u00e1sico de&nbsp;<strong>Wes Craven<\/strong>. Con su estreno programado para el 27 de febrero de 2026, es probable que en los pr\u00f3ximos meses se revelen m\u00e1s detalles sobre el elenco y la trama.<\/p>\n\n\n\n<p>Fuente: <a href=\"https:\/\/www.infobae.com\/malditos-nerds\/2025\/01\/31\/scream-7-la-nueva-entrega-de-la-iconica-saga-confirma-el-regreso-de-matthew-lillard-y-scott-foley\/?outputType=amp-type\">Infobae<\/a><\/p>\n\n\n\n<p><\/p>\n","protected":false},"excerpt":{"rendered":"<p>Scream\u00a0es una franquicia que marc\u00f3 un antes y un despu\u00e9s en los a\u00f1os noventa, al dar un giro sat\u00edrico y autoconsciente al g\u00e9nero del terror. En la historia, un asesino enmascarado, m\u00e1s tarde conocido como\u00a0Ghostface, comienza a acechar a un grupo de adolescentes. Dirigida por\u00a0Wes Craven (Pesadilla en la calle Elm)\u00a0y con un guion de\u00a0Kevin [&hellip;]<\/p>\n","protected":false},"author":35,"featured_media":37287,"comment_status":"open","ping_status":"open","sticky":false,"template":"","format":"standard","meta":{"_monsterinsights_skip_tracking":false,"_monsterinsights_sitenote_active":false,"_monsterinsights_sitenote_note":"","_monsterinsights_sitenote_category":0,"footnotes":""},"categories":[576],"tags":[31617,31618,31616,27738],"class_list":["post-171563","post","type-post","status-publish","format-standard","has-post-thumbnail","hentry","category-ocio","tag-matthew-lillard","tag-scott-foley","tag-scream-7","tag-scream-vii","wp-image-borders"],"amp_enabled":true,"_links":{"self":[{"href":"https:\/\/nvnoticias.mx\/index.php\/wp-json\/wp\/v2\/posts\/171563","targetHints":{"allow":["GET"]}}],"collection":[{"href":"https:\/\/nvnoticias.mx\/index.php\/wp-json\/wp\/v2\/posts"}],"about":[{"href":"https:\/\/nvnoticias.mx\/index.php\/wp-json\/wp\/v2\/types\/post"}],"author":[{"embeddable":true,"href":"https:\/\/nvnoticias.mx\/index.php\/wp-json\/wp\/v2\/users\/35"}],"replies":[{"embeddable":true,"href":"https:\/\/nvnoticias.mx\/index.php\/wp-json\/wp\/v2\/comments?post=171563"}],"version-history":[{"count":4,"href":"https:\/\/nvnoticias.mx\/index.php\/wp-json\/wp\/v2\/posts\/171563\/revisions"}],"predecessor-version":[{"id":171567,"href":"https:\/\/nvnoticias.mx\/index.php\/wp-json\/wp\/v2\/posts\/171563\/revisions\/171567"}],"wp:featuredmedia":[{"embeddable":true,"href":"https:\/\/nvnoticias.mx\/index.php\/wp-json\/wp\/v2\/media\/37287"}],"wp:attachment":[{"href":"https:\/\/nvnoticias.mx\/index.php\/wp-json\/wp\/v2\/media?parent=171563"}],"wp:term":[{"taxonomy":"category","embeddable":true,"href":"https:\/\/nvnoticias.mx\/index.php\/wp-json\/wp\/v2\/categories?post=171563"},{"taxonomy":"post_tag","embeddable":true,"href":"https:\/\/nvnoticias.mx\/index.php\/wp-json\/wp\/v2\/tags?post=171563"}],"curies":[{"name":"wp","href":"https:\/\/api.w.org\/{rel}","templated":true}]}}