{"id":171555,"date":"2025-01-31T14:11:21","date_gmt":"2025-01-31T20:11:21","guid":{"rendered":"https:\/\/nvnoticias.mx\/?p=171555"},"modified":"2025-01-31T14:11:23","modified_gmt":"2025-01-31T20:11:23","slug":"reviven-polemico-comentario-de-karla-sofia-gascon-sobre-selena-gomez","status":"publish","type":"post","link":"https:\/\/nvnoticias.mx\/index.php\/2025\/01\/31\/reviven-polemico-comentario-de-karla-sofia-gascon-sobre-selena-gomez\/","title":{"rendered":"Reviven pol\u00e9mico comentario de Karla Sof\u00eda Gasc\u00f3n sobre Selena Gomez"},"content":{"rendered":"\n<p><strong>Karla Sof\u00eda Gasc\u00f3n<\/strong>\u00a0se posicion\u00f3 entre las principales tendencias de redes sociales una vez m\u00e1s, pero ahora no por la pol\u00e9mica que persigue a la pel\u00edcula\u00a0<em><strong>Emilia P\u00e9rez<\/strong><\/em>, sino por los comentarios sobre diversos temas que escribi\u00f3 en su cuenta de\u00a0<em><strong>X<\/strong><\/em><strong>\u00a0<\/strong>antes de que ganara fama internacional por su protag\u00f3nico en dicha cinta.\u00a0<a href=\"https:\/\/www.infobae.com\/mexico\/2025\/01\/31\/desaparece-cuenta-de-x-de-karla-sofia-gascon-tras-exhibirse-polemicos-tuits-de-su-pasado-redes-estallan\/\" target=\"_blank\" rel=\"noreferrer noopener\"><\/a><\/p>\n\n\n\n<p>Entre estos destaca uno en especial debido a que involucrar\u00eda a una de sus compa\u00f1eras del largometraje dirigido por el franc\u00e9s,\u00a0<strong>Jacques Audiard<\/strong>. Se trata nada m\u00e1s ni nada menos que de<strong>Selena Gomez<\/strong>:\u00a0<\/p>\n\n\n\n<blockquote class=\"wp-block-quote is-layout-flow wp-block-quote-is-layout-flow\">\n<p>\u201cEs una rata rica que se hace la pobre desgraciada siempre que puede y nunca dejar\u00e1 de fastidiar a su exnovio y a su esposa\u201d.&nbsp;<\/p>\n<\/blockquote>\n\n\n\n<p>De acuerdo con la informaci\u00f3n recuperada por los internautas, la actriz espa\u00f1ola habr\u00eda escrito este comentario tras encontrarse con una nota sobre un breve, pero significativo encuentro entre Selena Gomez y Hailey Bieber, esposa de\u00a0<strong>Justin Bieber<\/strong>, en 2022.<\/p>\n\n\n\n<p><strong>Se desconoce la veracidad de la captura de pantalla<\/strong>\u00a0que se viraliz\u00f3 en redes sociales, pues Karla Sof\u00eda Gasc\u00f3n elimin\u00f3 su cuenta de X en cuanto comenz\u00f3 su \u2018cancelaci\u00f3n\u2019. Sin embargo, los usuarios de la plataforma se lanzaron en su contra por atacar a la exestrella Disney con un tema de su vida privada.<\/p>\n\n\n\n<p><br>Fuente: <a href=\"https:\/\/www.infobae.com\/mexico\/2025\/01\/31\/reviven-polemico-comentario-de-karla-sofia-gascon-sobre-selena-gomez-nunca-dejara-de-fastidiar-a-su-exnovio\/\">Infobae<\/a><\/p>\n\n\n\n<p><\/p>\n","protected":false},"excerpt":{"rendered":"<p>Karla Sof\u00eda Gasc\u00f3n\u00a0se posicion\u00f3 entre las principales tendencias de redes sociales una vez m\u00e1s, pero ahora no por la pol\u00e9mica que persigue a la pel\u00edcula\u00a0Emilia P\u00e9rez, sino por los comentarios sobre diversos temas que escribi\u00f3 en su cuenta de\u00a0X\u00a0antes de que ganara fama internacional por su protag\u00f3nico en dicha cinta.\u00a0 Entre estos destaca uno en [&hellip;]<\/p>\n","protected":false},"author":35,"featured_media":171557,"comment_status":"open","ping_status":"open","sticky":false,"template":"","format":"standard","meta":{"_monsterinsights_skip_tracking":false,"_monsterinsights_sitenote_active":false,"_monsterinsights_sitenote_note":"","_monsterinsights_sitenote_category":0,"footnotes":""},"categories":[576],"tags":[30067,31368,126],"class_list":["post-171555","post","type-post","status-publish","format-standard","has-post-thumbnail","hentry","category-ocio","tag-emilia-perez","tag-karla-sofia-gascon","tag-selena-gomez","wp-image-borders"],"amp_enabled":true,"_links":{"self":[{"href":"https:\/\/nvnoticias.mx\/index.php\/wp-json\/wp\/v2\/posts\/171555","targetHints":{"allow":["GET"]}}],"collection":[{"href":"https:\/\/nvnoticias.mx\/index.php\/wp-json\/wp\/v2\/posts"}],"about":[{"href":"https:\/\/nvnoticias.mx\/index.php\/wp-json\/wp\/v2\/types\/post"}],"author":[{"embeddable":true,"href":"https:\/\/nvnoticias.mx\/index.php\/wp-json\/wp\/v2\/users\/35"}],"replies":[{"embeddable":true,"href":"https:\/\/nvnoticias.mx\/index.php\/wp-json\/wp\/v2\/comments?post=171555"}],"version-history":[{"count":6,"href":"https:\/\/nvnoticias.mx\/index.php\/wp-json\/wp\/v2\/posts\/171555\/revisions"}],"predecessor-version":[{"id":171562,"href":"https:\/\/nvnoticias.mx\/index.php\/wp-json\/wp\/v2\/posts\/171555\/revisions\/171562"}],"wp:featuredmedia":[{"embeddable":true,"href":"https:\/\/nvnoticias.mx\/index.php\/wp-json\/wp\/v2\/media\/171557"}],"wp:attachment":[{"href":"https:\/\/nvnoticias.mx\/index.php\/wp-json\/wp\/v2\/media?parent=171555"}],"wp:term":[{"taxonomy":"category","embeddable":true,"href":"https:\/\/nvnoticias.mx\/index.php\/wp-json\/wp\/v2\/categories?post=171555"},{"taxonomy":"post_tag","embeddable":true,"href":"https:\/\/nvnoticias.mx\/index.php\/wp-json\/wp\/v2\/tags?post=171555"}],"curies":[{"name":"wp","href":"https:\/\/api.w.org\/{rel}","templated":true}]}}