{"id":171425,"date":"2025-01-30T12:05:38","date_gmt":"2025-01-30T18:05:38","guid":{"rendered":"https:\/\/nvnoticias.mx\/?p=171425"},"modified":"2025-01-30T12:05:40","modified_gmt":"2025-01-30T18:05:40","slug":"advierten-a-padres-de-familia-sobre-cuotas-en-periodo-de-preinscripcion","status":"publish","type":"post","link":"https:\/\/nvnoticias.mx\/index.php\/2025\/01\/30\/advierten-a-padres-de-familia-sobre-cuotas-en-periodo-de-preinscripcion\/","title":{"rendered":"Advierten a padres de familia sobre cuotas en periodo de preinscripci\u00f3n"},"content":{"rendered":"\n<p><\/p>\n\n\n\n<p><strong>Sam Ojeda \/ NV Noticias<\/strong><\/p>\n\n\n\n<p>Xalapa.- El delegado de Asociaci\u00f3n de Padres de Familia en Veracruz, Esteban Pablo Rodr\u00edguez Ortega, advirti\u00f3 que ninguna escuela puede condicionar la preinscripci\u00f3n de estudiantes al pago de un monto establecido. <\/p>\n\n\n\n<p>A unos d\u00edas de que inicie el proceso de preinscripciones, indic\u00f3 que las escuelas tienen la obligaci\u00f3n de prescribir a los aspirantes y que solo la asociaci\u00f3n de padres de familia puede solicitar una cuota voluntaria. <\/p>\n\n\n\n<p>\u201cLas preinscripciones son por un tema estad\u00edstico y no pueden condicionar a pago para conseguir una ficha, tienen que preinscribirlos y eso no puede ser condicionado\u201d.<\/p>\n\n\n\n<p>Y es que se\u00f1al\u00f3 que en a\u00f1os anteriores se han presentado quejas por cobros indebidos en escuelas de Xalapa, Coatepec, Poza Rica, Tuxpan, Acayucan y Coatzalcoalcos, entre otros municipios.<\/p>\n\n\n\n<p>Insisti\u00f3 en que las cuotas deben ser aportaciones voluntarias y por lo tanto no pueden obligarlos, ya que se\u00f1al\u00f3 en algunos casos les quieren cobrar hasta 900 pesos \u201cpor ficha\u201d e insisti\u00f3 en que esto es ilegal. <\/p>\n\n\n\n<p>\u201cHay escuelas que piden 900 pesos, dependiendo la zona y la escuela\u201d, dijo. <\/p>\n\n\n\n<p>Rodr\u00edguez Ortega agreg\u00f3 que adem\u00e1s es com\u00fan que en escuelas privadas las administraciones no les quieren regresar su documentaci\u00f3n y eso no est\u00e1 permitido porque la documentaci\u00f3n es del alumno.<\/p>\n\n\n\n<p>\u201cQue no se dejen sorprender por pagos porque se trata de preinscripciones y a los directores que los \u00fanicos facultados para cobrar son la asociaci\u00f3n de padres de familia de cada escuela\u201d.<\/p>\n","protected":false},"excerpt":{"rendered":"<p>Sam Ojeda \/ NV Noticias Xalapa.- El delegado de Asociaci\u00f3n de Padres de Familia en Veracruz, Esteban Pablo Rodr\u00edguez Ortega, advirti\u00f3 que ninguna escuela puede condicionar la preinscripci\u00f3n de estudiantes al pago de un monto establecido. A unos d\u00edas de que inicie el proceso de preinscripciones, indic\u00f3 que las escuelas tienen la obligaci\u00f3n de prescribir [&hellip;]<\/p>\n","protected":false},"author":8,"featured_media":92946,"comment_status":"open","ping_status":"open","sticky":false,"template":"","format":"standard","meta":{"_monsterinsights_skip_tracking":false,"_monsterinsights_sitenote_active":false,"_monsterinsights_sitenote_note":"","_monsterinsights_sitenote_category":0,"footnotes":""},"categories":[156],"tags":[6580,659,3248,791],"class_list":["post-171425","post","type-post","status-publish","format-standard","has-post-thumbnail","hentry","category-estado","tag-cuotas","tag-escuelas","tag-padres-de-familia","tag-preinscripcion","wp-image-borders"],"amp_enabled":true,"_links":{"self":[{"href":"https:\/\/nvnoticias.mx\/index.php\/wp-json\/wp\/v2\/posts\/171425","targetHints":{"allow":["GET"]}}],"collection":[{"href":"https:\/\/nvnoticias.mx\/index.php\/wp-json\/wp\/v2\/posts"}],"about":[{"href":"https:\/\/nvnoticias.mx\/index.php\/wp-json\/wp\/v2\/types\/post"}],"author":[{"embeddable":true,"href":"https:\/\/nvnoticias.mx\/index.php\/wp-json\/wp\/v2\/users\/8"}],"replies":[{"embeddable":true,"href":"https:\/\/nvnoticias.mx\/index.php\/wp-json\/wp\/v2\/comments?post=171425"}],"version-history":[{"count":1,"href":"https:\/\/nvnoticias.mx\/index.php\/wp-json\/wp\/v2\/posts\/171425\/revisions"}],"predecessor-version":[{"id":171426,"href":"https:\/\/nvnoticias.mx\/index.php\/wp-json\/wp\/v2\/posts\/171425\/revisions\/171426"}],"wp:featuredmedia":[{"embeddable":true,"href":"https:\/\/nvnoticias.mx\/index.php\/wp-json\/wp\/v2\/media\/92946"}],"wp:attachment":[{"href":"https:\/\/nvnoticias.mx\/index.php\/wp-json\/wp\/v2\/media?parent=171425"}],"wp:term":[{"taxonomy":"category","embeddable":true,"href":"https:\/\/nvnoticias.mx\/index.php\/wp-json\/wp\/v2\/categories?post=171425"},{"taxonomy":"post_tag","embeddable":true,"href":"https:\/\/nvnoticias.mx\/index.php\/wp-json\/wp\/v2\/tags?post=171425"}],"curies":[{"name":"wp","href":"https:\/\/api.w.org\/{rel}","templated":true}]}}