{"id":171212,"date":"2025-01-29T09:42:50","date_gmt":"2025-01-29T15:42:50","guid":{"rendered":"https:\/\/nvnoticias.mx\/?p=171212"},"modified":"2025-01-29T09:42:52","modified_gmt":"2025-01-29T15:42:52","slug":"cuitlahuac-la-guerra-que-le-viene","status":"publish","type":"post","link":"https:\/\/nvnoticias.mx\/index.php\/2025\/01\/29\/cuitlahuac-la-guerra-que-le-viene\/","title":{"rendered":"Cuitl\u00e1huac, la \u201cguerra\u201d que le viene"},"content":{"rendered":"\n<p>Ricardo Chua<\/p>\n\n\n\n<p>Ricardo Chua<\/p>\n\n\n\n<p>Bien dicen los viejos pol\u00edticos del sistema mexicano: &#8220;Que en pol\u00edtica los amigos no existen, s\u00f3lo los intereses&#8221;.. Y esto pareciera que empieza a suceder al ex gobernador, Cuitl\u00e1huac Garc\u00eda.. Hoy un mediano funcionario del gobierno federal de Claudia Sheinbaum.. Del que muchos dicen que &#8220;pag\u00f3 su derecho&#8221; de impunidad.. Con los miles de millones de pesos que no ejerci\u00f3 en el presupuesto del gobierno estatal durante 6 a\u00f1os y que regres\u00f3 a la federaci\u00f3n.. Sin embargo, parece que le vienen &#8220;tardes negras&#8221;..<\/p>\n\n\n\n<p>El tema que se vive en la Secretar\u00eda de Educaci\u00f3n en Veracruz (SEV) cuando en el sexenio pasado, estuvo a cargo de Zenyazen Escobar Garc\u00eda.. Puede ser la &#8220;punta de la madeja&#8221; que llegue y jale hasta la Secretar\u00eda de Energ\u00eda federal.. Que es donde labora Cuitl\u00e1huac Garc\u00eda.. Ya que en esta dependencia el \u00d3rgano de Fiscalizaci\u00f3n Superior (ORFIS) &#8220;destap\u00f3&#8221; la &#8220;cloaca&#8221; de que una empresa de reciente creaci\u00f3n en 2019, de nombre &#8220;Soluciones y Milagros&#8221; recibi\u00f3 200 contratos.. Y que por eso, hay sospechas de que es una empresa &#8220;fantasma&#8221;..<\/p>\n\n\n\n<p>El caso aqu\u00ed es que amigo personal de muchos a\u00f1os de Cuitl\u00e1huac Garc\u00eda.. Que es el diputado federal, Zenyazen Escobar, y que durante el sexenio del xalape\u00f1o, fue el titular de la SEV.. Ya se deslinda del caso y se\u00f1ala que \u00e9l no ve ning\u00fan problema.. Si el ORFIS o la dependencia auditora que sea, investiga a la ex funcionaria Ariadna Selene Aguilar Amaya, que fungi\u00f3 como la Oficial Mayor de esta dependencia estatal.. Para que se aclare el tema de los contratos de &#8220;Soluciones y Milagros&#8221;.. De esa manera, Zenyazen se &#8220;lava las manos&#8221;.. TA CA\u00d1\u00d3N..<\/p>\n\n\n\n<p>Ya que en este asunto.. El echarle toda la responsabilidad a Aguilar Amaya de que ella era la responsable de toda el \u00e1rea administrativa y hacer las contrataciones de lo que necesitar\u00e1 la SEV.. Y que \u00e9l no ve\u00eda nada de eso.. Es tambi\u00e9n &#8220;tirar la bolita&#8221; a su ex jefe y amigo.. Porque dentro del pasado sexenio estatal en Veracruz\u2026 Era un &#8220;secreto a voces&#8221; que Ariadna Selene era una posici\u00f3n pol\u00edtica directa de Cuitl\u00e1huac Garc\u00eda.. Y que siempre ella estuvo conflictuada con Zenyazen Escobar porque no ten\u00eda todo el control de la SEV.. Eso siempre lo tuvo molesto..<\/p>\n\n\n\n<p>Se cuenta que fueron varias las ocasiones entre el 2018 a 2023 que Zenyazen.. Le pidi\u00f3 la oportunidad a Cuitl\u00e1huac para relevar en el cargo a la ex Oficial Mayor.. Pero que el ex gobernador siempre se neg\u00f3 a hacer esa rotaci\u00f3n.. Ya que ella era sus &#8220;ojos&#8221; en la SEV.. Algo que le dej\u00f3 la &#8220;espina clavada&#8221; al diputado federal porque pensaba que su amigo y jefe, no confiaba del todo de \u00e9l.. Ahora los tiempos cambiaron.. El &#8220;Zen&#8221; tiene fuero federal y dif\u00edcilmente podr\u00edan proceder en su contra.. Y le puede hacer &#8220;cansado&#8221; el tema a su anterior colaboradora..<\/p>\n\n\n\n<p>REFLEXI\u00d3N.. Este asunto puede llegar muy alto.. Quiz\u00e1s no se toque a Cuitl\u00e1huac.. Pero si a varios de sus ex colaboradores cercanos por diversas irregularidades ocurridas en su sexenio.. Ya que a pesar de todos esos conflictos financieros y fiscales &#8220;heredados&#8221;.. Se ve que Roc\u00edo Nahle no va a dejar pasar todo esto.. Por lo menos, unos &#8220;calambres&#8221; si les puede provocar.. Y, sin duda, Nahle no quiere cargar con los &#8220;muertos&#8221; que le haya dejado Cuitl\u00e1huac en el &#8220;closet&#8221;.. Por lo menos, los va a exhibir p\u00fablica y penalmente.. Se ve que ya empez\u00f3.. AMEN..<\/p>\n\n\n\n<p>V\u00cdCTOR PE\u00d1A, EL &#8220;AS BAJO LA MANGA&#8221; DE LA 4T.. Mucho se ha escuchado \u00faltimamente en estos procesos internos que vive el partido MORENA para selecci\u00f3n a sus candidatos a alcaldes en los 212 ayuntamientos.. El nombre de V\u00edctor Pe\u00f1a, que suena como el aspirante m\u00e1s fuerte para quedarse con la candidatura del municipio de Emiliano Zapata.. El ayuntamiento m\u00e1s deseado en toda la entidad, tiene m\u00e1s de 30 aspirantes inscritos.. Sobre todo porque el &#8220;polo&#8221; de desarrollo econ\u00f3mico de la capital Xalapa.. Va para esa ciudad antes considerada una zona rural..<\/p>\n\n\n\n<p>De todos los aspirantes inscritos, V\u00edctor Pe\u00f1a suena m\u00e1s fuerte porque, quiz\u00e1s, dentro de la 4T es el que m\u00e1s experiencia tiene en el tema de administraci\u00f3n p\u00fablica.. Ya que ha ocupado cargos p\u00fablicos en la funci\u00f3n p\u00fablica estatal y municipal.. Adem\u00e1s que tambi\u00e9n cuenta con experiencia laboral en el Poder Judicial del Estado, donde ha sido juez.. Pero tambi\u00e9n dentro de la Fiscal\u00eda General de Veracruz donde se ha desempe\u00f1ado como Agente del Ministerio P\u00fablico en su momento.. Por eso ya muchos dan por un hecho que este abogado ser\u00e1 el nominado..<\/p>\n\n\n\n<p>Al final se puede ponderar que este aspirante cuenta con una buena fama como abogado tanto litigante como miembro de PJV y FGE.. Ya se ver\u00e1 si es nominado como apoyar\u00e1 a Emiliano Zapata dentro de su crecimiento como municipio.. Y que le quite a esa ciudad, la imagen de ser s\u00f3lo el &#8220;recibidor&#8221; o el &#8220;jard\u00edn de enfrente&#8221; de Xalapa.. Su cercan\u00eda con la capital, as\u00ed como lo ha beneficiado tambi\u00e9n lo ha perjudicado porque muchos piensan.. Que s\u00f3lo sirve para poner casas de descanso para los habitantes de Xalapa.. Pero Emiliano Zapata est\u00e1 a punto de convertirse en el otro &#8220;Boca del R\u00edo&#8221;.. Se ver\u00e1 si V\u00edctor Pe\u00f1a puede con el &#8220;paquete!&#8221; si es candidato y luego alcalde.. AMEN..<\/p>\n\n\n\n<p><\/p>\n\n\n\n<p><\/p>\n","protected":false},"excerpt":{"rendered":"<p>Ricardo Chua Ricardo Chua Bien dicen los viejos pol\u00edticos del sistema mexicano: &#8220;Que en pol\u00edtica los amigos no existen, s\u00f3lo los intereses&#8221;.. Y esto pareciera que empieza a suceder al ex gobernador, Cuitl\u00e1huac Garc\u00eda.. Hoy un mediano funcionario del gobierno federal de Claudia Sheinbaum.. Del que muchos dicen que &#8220;pag\u00f3 su derecho&#8221; de impunidad.. Con [&hellip;]<\/p>\n","protected":false},"author":29,"featured_media":171213,"comment_status":"open","ping_status":"open","sticky":false,"template":"","format":"standard","meta":{"_monsterinsights_skip_tracking":false,"_monsterinsights_sitenote_active":false,"_monsterinsights_sitenote_note":"","_monsterinsights_sitenote_category":0,"footnotes":""},"categories":[245],"tags":[],"class_list":["post-171212","post","type-post","status-publish","format-standard","has-post-thumbnail","hentry","category-dialogos-de-poder","wp-image-borders"],"amp_enabled":true,"_links":{"self":[{"href":"https:\/\/nvnoticias.mx\/index.php\/wp-json\/wp\/v2\/posts\/171212","targetHints":{"allow":["GET"]}}],"collection":[{"href":"https:\/\/nvnoticias.mx\/index.php\/wp-json\/wp\/v2\/posts"}],"about":[{"href":"https:\/\/nvnoticias.mx\/index.php\/wp-json\/wp\/v2\/types\/post"}],"author":[{"embeddable":true,"href":"https:\/\/nvnoticias.mx\/index.php\/wp-json\/wp\/v2\/users\/29"}],"replies":[{"embeddable":true,"href":"https:\/\/nvnoticias.mx\/index.php\/wp-json\/wp\/v2\/comments?post=171212"}],"version-history":[{"count":1,"href":"https:\/\/nvnoticias.mx\/index.php\/wp-json\/wp\/v2\/posts\/171212\/revisions"}],"predecessor-version":[{"id":171214,"href":"https:\/\/nvnoticias.mx\/index.php\/wp-json\/wp\/v2\/posts\/171212\/revisions\/171214"}],"wp:featuredmedia":[{"embeddable":true,"href":"https:\/\/nvnoticias.mx\/index.php\/wp-json\/wp\/v2\/media\/171213"}],"wp:attachment":[{"href":"https:\/\/nvnoticias.mx\/index.php\/wp-json\/wp\/v2\/media?parent=171212"}],"wp:term":[{"taxonomy":"category","embeddable":true,"href":"https:\/\/nvnoticias.mx\/index.php\/wp-json\/wp\/v2\/categories?post=171212"},{"taxonomy":"post_tag","embeddable":true,"href":"https:\/\/nvnoticias.mx\/index.php\/wp-json\/wp\/v2\/tags?post=171212"}],"curies":[{"name":"wp","href":"https:\/\/api.w.org\/{rel}","templated":true}]}}