{"id":171083,"date":"2025-01-28T09:54:22","date_gmt":"2025-01-28T15:54:22","guid":{"rendered":"https:\/\/nvnoticias.mx\/?p=171083"},"modified":"2025-01-28T09:54:42","modified_gmt":"2025-01-28T15:54:42","slug":"fgr-confirma-que-mexico-tiene-varias-ordenes-de-aprehension-pendientes-contra-el-mayo-zambada","status":"publish","type":"post","link":"https:\/\/nvnoticias.mx\/index.php\/2025\/01\/28\/fgr-confirma-que-mexico-tiene-varias-ordenes-de-aprehension-pendientes-contra-el-mayo-zambada\/","title":{"rendered":"FGR confirma que M\u00e9xico tiene varias \u00f3rdenes de aprehensi\u00f3n pendientes contra el Mayo Zambada"},"content":{"rendered":"\n<p>El fiscal General de la Rep\u00fablica, Alejandro Gertz Manero, sostuvo que esta dependencia mantiene su demanda de sostener una audiencia con autoridades estadunidenses relacionada con la detenci\u00f3n y el traslado del narcotraficante, Ismael&nbsp;<em>El Mayo<\/em>&nbsp;Zambada el pasado 25 de julio. Desde entonces se present\u00f3 la solicitud formal para realizarlo que, con base en las leyes estadunidenses deber\u00eda darse en 48 horas, por lo que hay un ostensible retraso.<\/p>\n\n\n\n<p>Durante la conferencia presidencial, el fiscal dijo que en M\u00e9xico, Zambada tiene varias \u00f3rdenes de aprehensi\u00f3n que tiene previsto cumplimetar y que la FGR no va a abandonar. Se\u00f1al\u00f3 que se est\u00e1 esperando la comparecencia de Zambada en el juicio que enfrenta en Estados Unidos porque hasta ahora solo se tienen datos a partir de una carta que el propio Zambada dio como buena.<\/p>\n\n\n\n<p>Por su parte, la presidenta Claudia Sheibaum dijo que tanto en su comparecencia ante el Senado estadunidense para ser ratificado como secretario de Estado como en la conversaci\u00f3n telef\u00f3nica que sostuvo con el canciller mexicano, Juan Ram\u00f3n de la Fuente, Marco Rubio destac\u00f3 la importancia de que ambos gobiernos tengan una estrecha colaboraci\u00f3n y coordinaci\u00f3n en materia de seguridad.<\/p>\n\n\n\n<p>Se\u00f1al\u00f3 que por razones humanitarias M\u00e9xico colabora para evitar que el fentanilo llegue a Estados Unidos pero tampoco quiere que llegue a ning\u00fan joven sea mexicano o en Estados Unidos porque es una droga que hace mucho da\u00f1o.<\/p>\n\n\n\n<p>Fuente: La <a href=\"https:\/\/www.jornada.com.mx\/noticia\/2025\/01\/28\/politica\/mantiene-fgr-demanda-de-audiencia-con-eu-por-detencion-de-el-mayo-gertz-2282\">Jornada<\/a> <\/p>\n","protected":false},"excerpt":{"rendered":"<p>El fiscal General de la Rep\u00fablica, Alejandro Gertz Manero, sostuvo que esta dependencia mantiene su demanda de sostener una audiencia con autoridades estadunidenses relacionada con la detenci\u00f3n y el traslado del narcotraficante, Ismael&nbsp;El Mayo&nbsp;Zambada el pasado 25 de julio. Desde entonces se present\u00f3 la solicitud formal para realizarlo que, con base en las leyes estadunidenses [&hellip;]<\/p>\n","protected":false},"author":35,"featured_media":162745,"comment_status":"open","ping_status":"open","sticky":false,"template":"","format":"standard","meta":{"_monsterinsights_skip_tracking":false,"_monsterinsights_sitenote_active":false,"_monsterinsights_sitenote_note":"","_monsterinsights_sitenote_category":0,"footnotes":""},"categories":[157],"tags":[226,31533,162],"class_list":["post-171083","post","type-post","status-publish","format-standard","has-post-thumbnail","hentry","category-nacional","tag-fgr","tag-mayo-zambada","tag-portada","wp-image-borders"],"amp_enabled":true,"_links":{"self":[{"href":"https:\/\/nvnoticias.mx\/index.php\/wp-json\/wp\/v2\/posts\/171083","targetHints":{"allow":["GET"]}}],"collection":[{"href":"https:\/\/nvnoticias.mx\/index.php\/wp-json\/wp\/v2\/posts"}],"about":[{"href":"https:\/\/nvnoticias.mx\/index.php\/wp-json\/wp\/v2\/types\/post"}],"author":[{"embeddable":true,"href":"https:\/\/nvnoticias.mx\/index.php\/wp-json\/wp\/v2\/users\/35"}],"replies":[{"embeddable":true,"href":"https:\/\/nvnoticias.mx\/index.php\/wp-json\/wp\/v2\/comments?post=171083"}],"version-history":[{"count":4,"href":"https:\/\/nvnoticias.mx\/index.php\/wp-json\/wp\/v2\/posts\/171083\/revisions"}],"predecessor-version":[{"id":171087,"href":"https:\/\/nvnoticias.mx\/index.php\/wp-json\/wp\/v2\/posts\/171083\/revisions\/171087"}],"wp:featuredmedia":[{"embeddable":true,"href":"https:\/\/nvnoticias.mx\/index.php\/wp-json\/wp\/v2\/media\/162745"}],"wp:attachment":[{"href":"https:\/\/nvnoticias.mx\/index.php\/wp-json\/wp\/v2\/media?parent=171083"}],"wp:term":[{"taxonomy":"category","embeddable":true,"href":"https:\/\/nvnoticias.mx\/index.php\/wp-json\/wp\/v2\/categories?post=171083"},{"taxonomy":"post_tag","embeddable":true,"href":"https:\/\/nvnoticias.mx\/index.php\/wp-json\/wp\/v2\/tags?post=171083"}],"curies":[{"name":"wp","href":"https:\/\/api.w.org\/{rel}","templated":true}]}}