{"id":171075,"date":"2025-01-28T09:42:15","date_gmt":"2025-01-28T15:42:15","guid":{"rendered":"https:\/\/nvnoticias.mx\/?p=171075"},"modified":"2025-01-28T09:42:16","modified_gmt":"2025-01-28T15:42:16","slug":"la-bomba-que-viene-en-la-sev","status":"publish","type":"post","link":"https:\/\/nvnoticias.mx\/index.php\/2025\/01\/28\/la-bomba-que-viene-en-la-sev\/","title":{"rendered":"La bomba que viene en la SEV"},"content":{"rendered":"\n<p>Ricardo Chua<\/p>\n\n\n\n<p>OJO.. Alejandro Moreno C\u00e1rdenas (Alito) vino a Veracruz a una gira de trabajo con la dirigencia estatal del PRI con miras a trabajar el tema de los procesos de selecci\u00f3n de candidatos a las 212 alcald\u00edas de la entidad.. Y si, mientras hubo un auditorio controlado nada pas\u00f3.. Todo era discursos y aplausos en su reuni\u00f3n en Xalapa.. Pero no todo fue &#8220;miel sobre hojuelas&#8221;.. Cuando le dieron el micr\u00f3fono a Carlos Dario Arcos, de Perote, cercano al ex candidato a gobernador, Jos\u00e9 Francisco Yunes Zorrilla.. Le dijo as\u00ed en directo a Alito: &#8220;Vienes Veracruz, pero no te creo lo que dices&#8221;..<\/p>\n\n\n\n<p>Adem\u00e1s no se lo mand\u00f3 a decir.. Arcos todav\u00eda le recet\u00f3 al campechano: &#8220;No me inspiras confianza, tu reelecci\u00f3n como dirigente nacional fue legal, pero le diste mucha vuelta para quedarte al mando del partido.. T\u00fa hiciste lo mismo que hizo MORENA en el Congreso de la Uni\u00f3n para tener la mayor\u00eda calificada.. Fue algo espurio.. As\u00ed que lament\u00f3 decirte en lo personal, que no te creo lo que dices como dirigente y tu liderazgo no me inspira ninguna confianza&#8221;.. Cinicamente Alito Moreno dijo: &#8220;Muchas gracias por tu comentario&#8221;.. Que esperaban.. Es Alito.. AMEN..<\/p>\n\n\n\n<p>EXCLUSIVA l.. Ya despu\u00e9s que el propio Alejandro Moreno C\u00e1rdenas, dirigente nacional del PRI, se\u00f1al\u00f3 que en Veracruz, si su partido hace alianza para la elecci\u00f3n de las 212 alcald\u00edas que se &#8220;jugar\u00e1n&#8221; en este proceso electoral local en la entidad.. Depende del PAN y que su partido si quiere ir en coalici\u00f3n.. Parece que las cosas esta vez, no le est\u00e1n saliendo como quisiera al campechano.. Ya que seg\u00fan informaci\u00f3n con la que cuenta &#8220;Garganta Profunda&#8221;.. Una gran parte del Consejo Pol\u00edtico Nacional y Estatal de Acci\u00f3n Nacional.. NO QUIEREN esa alianza.. Zucutum..<\/p>\n\n\n\n<p>Seg\u00fan los sondeos de los mismos panistas encabezados por Jorge Romero y su &#8220;staff&#8221; en Veracruz.. Que ir en coalici\u00f3n con el PRI, sin Pepe Yunes, le quita m\u00e1s votos al PAN, que el que les pueda sumar en esta alianza.. Es decir, el PAN cae en su intenci\u00f3n de votos, si se hace coalici\u00f3n con el tricolor.. Y es un riesgo que muchos grupos pol\u00edticos del PAN en la entidad, no quieren correr.. Por eso hay un fuerte rumor.. Que si el PAN hace alianza con el PRI ser\u00eda en menos de 50 municipios de los 212.. As\u00ed de ca\u00f1\u00f3n.. Los &#8220;azules&#8221; no quieren caer m\u00e1s.. LASTIMA AM-LITO..<\/p>\n\n\n\n<p>EXCLUSIVA ll.. Trascendi\u00f3 en las esferas del poder en CDMX que manejan en los partidos MORENA, PVEM y PT.. Que en las c\u00fapulas de estas dirigencias nacionales de estos partidos (Andr\u00e9s Manuel L\u00f3pez Beltr\u00e1n, Manuel Velasco-Arturo Escobar y Alberto Anaya.. Ya han resuelto que para evitar conflictos posteriores y que la alianza &#8220;Juntos Seguimos Haciendo Historia&#8221; contin\u00fae sin problemas en elecciones venideras en el pa\u00eds.. En el proceso electoral local en Veracruz.. La coalici\u00f3n que tienen, se van a respetar las posiciones de poder en los ayuntamientos &#8220;jarochos&#8221;\u2026<\/p>\n\n\n\n<p>Es decir, donde a MORENA le toque postular, lo har\u00e1 sin problema alguno y nadie meter\u00e1 la mano con el candidato alcalde y s\u00edndico.. Se negociar\u00e1 con el PVEM y PT la planilla de regidores.. Para que todos puedan tener su espacio.. Lo mismo pasar\u00e1 donde postule el PVEM y PT.. Nadie podr\u00e1 &#8220;meter mano&#8221; en sus candidatos.. Los van a respetar.. Es un acuerdo nacional.. As\u00ed que lo que digan los comit\u00e9s estatales en Veracruz, no tendr\u00e1 valor alguno porque las dirigencias nacionales ya se pusieron de acuerdo.. Quien gana: Javier Herrera Borunda y el PT.. TAN.. TAN..<\/p>\n\n\n\n<p>LA SEV, LA &#8220;BOMBA&#8221; QUE VIENE.. Vaya &#8220;bomba&#8221; que se viene en la Secretar\u00eda de Educaci\u00f3n y Cultura en Veracruz.. Luego que su ex titular y actual diputado federal, Zenyazen Escobar, pr\u00e1cticamente se DESLINDA de los presuntos malos manejos en esta dependencia bajo su cargo por la entrega de 200 contratos irregulares a empresas de reciente creaci\u00f3n en 2019.. Y que se presume es una empresa &#8220;fantasma&#8221;.. Zenyazen s\u00f3lo dijo que eso era responsabilidad de su ex Oficial Mayor, Ariadna Selene Aguilar Amaya.. Una posici\u00f3n directa del ex gobernador, Cuitl\u00e1huac Garc\u00eda.. NO LO VAN A SOLTAR..<\/p>\n\n\n\n<p>Ese tema de Zenyazen-Cuitl\u00e1huac-Ariadna Aguilar dar\u00e1 mucho que hablar.. Sobre todo porque se\u00f1alan que la actual administraci\u00f3n estatal de Roc\u00edo Nahle, quiere que todo eso quede transparente.. Caiga quien caiga.. Pero donde la gobernadora debe echar un OJO es que algunos funcionarios de la SEV, quieren meter las manos en el proceso electoral a las alcald\u00edas y eso puede costarle a MORENA.. Tal como sucede en la zona de Los Tuxtlas.. Y el primer esc\u00e1ndalo lleg\u00f3 del nuevo director del Instituto Tecnol\u00f3gico Superior de San Andr\u00e9s Tuxtla. Jos\u00e9 Roberto Rojas Gonz\u00e1lez..<\/p>\n\n\n\n<p>En esa regi\u00f3n est\u00e1 persona demostr\u00f3 falta de oficio pol\u00edtico en el ITS al iniciar despidiendo a sindicalizadas con a\u00f1os de antig\u00fcedad.. Provocando manifestaciones en su contra y la vergonzosa recontrataci\u00f3n de quienes injustificadamente hab\u00edan sido destituidas de sus puestos.. Este episodio tuvo soluci\u00f3n.. Pero dej\u00f3 mal parado al gobierno.. Pero eso no es todo.. El tema es que tambi\u00e9n acusan al ex alcalde de ese municipio, Octavio P\u00e9rez Garay.. De querer meter la mano en MORENA v\u00eda el constructor, Aristides Mantilla Solana.. Que fue uno de sus constructores favoritos..<\/p>\n\n\n\n<p>Ahora el rumor en Los Tuxtlas es que al contratista lo quieren meter con funcionarios de la SEV para que lo impulsen como candidato de MORENA a la alcald\u00eda.. Y que, al menos, se dice en la zona, que si Aristedes no le funciona su acercamiento con personajes importantes de la Secretar\u00eda de Educaci\u00f3n y que eso provoque que no lo postulen, entonces, la buscar\u00e1 por el PVEM.. Que finalmente es el partido que lleva mano en la designaci\u00f3n de candidato a la alcald\u00eda, que en este municipio van en alianza.. Convencer\u00e1n a Javier Herrera.. AH\u00cd EST\u00c1 EL DETALLE..<\/p>\n","protected":false},"excerpt":{"rendered":"<p>Ricardo Chua OJO.. Alejandro Moreno C\u00e1rdenas (Alito) vino a Veracruz a una gira de trabajo con la dirigencia estatal del PRI con miras a trabajar el tema de los procesos de selecci\u00f3n de candidatos a las 212 alcald\u00edas de la entidad.. Y si, mientras hubo un auditorio controlado nada pas\u00f3.. Todo era discursos y aplausos [&hellip;]<\/p>\n","protected":false},"author":29,"featured_media":171076,"comment_status":"open","ping_status":"open","sticky":false,"template":"","format":"standard","meta":{"_monsterinsights_skip_tracking":false,"_monsterinsights_sitenote_active":false,"_monsterinsights_sitenote_note":"","_monsterinsights_sitenote_category":0,"footnotes":""},"categories":[245],"tags":[],"class_list":["post-171075","post","type-post","status-publish","format-standard","has-post-thumbnail","hentry","category-dialogos-de-poder","wp-image-borders"],"amp_enabled":true,"_links":{"self":[{"href":"https:\/\/nvnoticias.mx\/index.php\/wp-json\/wp\/v2\/posts\/171075","targetHints":{"allow":["GET"]}}],"collection":[{"href":"https:\/\/nvnoticias.mx\/index.php\/wp-json\/wp\/v2\/posts"}],"about":[{"href":"https:\/\/nvnoticias.mx\/index.php\/wp-json\/wp\/v2\/types\/post"}],"author":[{"embeddable":true,"href":"https:\/\/nvnoticias.mx\/index.php\/wp-json\/wp\/v2\/users\/29"}],"replies":[{"embeddable":true,"href":"https:\/\/nvnoticias.mx\/index.php\/wp-json\/wp\/v2\/comments?post=171075"}],"version-history":[{"count":1,"href":"https:\/\/nvnoticias.mx\/index.php\/wp-json\/wp\/v2\/posts\/171075\/revisions"}],"predecessor-version":[{"id":171077,"href":"https:\/\/nvnoticias.mx\/index.php\/wp-json\/wp\/v2\/posts\/171075\/revisions\/171077"}],"wp:featuredmedia":[{"embeddable":true,"href":"https:\/\/nvnoticias.mx\/index.php\/wp-json\/wp\/v2\/media\/171076"}],"wp:attachment":[{"href":"https:\/\/nvnoticias.mx\/index.php\/wp-json\/wp\/v2\/media?parent=171075"}],"wp:term":[{"taxonomy":"category","embeddable":true,"href":"https:\/\/nvnoticias.mx\/index.php\/wp-json\/wp\/v2\/categories?post=171075"},{"taxonomy":"post_tag","embeddable":true,"href":"https:\/\/nvnoticias.mx\/index.php\/wp-json\/wp\/v2\/tags?post=171075"}],"curies":[{"name":"wp","href":"https:\/\/api.w.org\/{rel}","templated":true}]}}