{"id":171009,"date":"2025-01-27T14:25:04","date_gmt":"2025-01-27T20:25:04","guid":{"rendered":"https:\/\/nvnoticias.mx\/?p=171009"},"modified":"2025-01-27T14:25:05","modified_gmt":"2025-01-27T20:25:05","slug":"sheinbaum-reacciona-a-polemica-de-emilia-perez","status":"publish","type":"post","link":"https:\/\/nvnoticias.mx\/index.php\/2025\/01\/27\/sheinbaum-reacciona-a-polemica-de-emilia-perez\/","title":{"rendered":"Sheinbaum reacciona a pol\u00e9mica de \u201cEmilia P\u00e9rez\u201d"},"content":{"rendered":"\n<p>Ante la pol\u00e9mica que ha causado la\u00a0<strong>narcopel\u00edcula\u00a0<\/strong>\u201c<strong>Emilia P\u00e9rez<\/strong>\u201d, la presidenta\u00a0<strong>Claudia Sheinbaum Pardo<\/strong>\u00a0reaccion\u00f3 y dijo que su gobierno no cree en la censura.<\/p>\n\n\n\n<p>En su conferencia ma\u00f1anera de este lunes 27 de enero en\u00a0<strong>Palacio Nacional<\/strong>, Sheinbaum Pardo indic\u00f3 que a M\u00e9xico no llegar\u00eda turismo si fuera verdad lo que proyecta la cinta protagonizada por\u00a0<strong>Zoe Salda\u00f1a<\/strong>\u00a0y Karla Sof\u00eda Gasc\u00f3n.<\/p>\n\n\n\n<blockquote class=\"wp-block-quote is-layout-flow wp-block-quote-is-layout-flow\">\n<p>\u201cNosotros no creemos en la censura, creemos en la&nbsp;<strong>libertad de expresi\u00f3n<\/strong>, pero al mismo tiempo nos corresponde -y adem\u00e1s est\u00e1 ocurriendo- el reconocimiento de M\u00e9xico por su historia, su cultura, sus tradiciones\u201d, declar\u00f3 en el Sal\u00f3n Tesorer\u00eda al destacar un aumento del turismo de 8% a nuestro pa\u00eds en 2024.<\/p>\n<\/blockquote>\n\n\n\n<p>Refiri\u00f3 que a su gobierno le corresponde seguir promoviendo a M\u00e9xico como una potencia cultural. \u201cHay mucho orgullo en el pueblo de M\u00e9xico hoy, mucho. Las y los mexicanos siempre hemos tenido mucho orgullo de nuestra nacionalidad, de lo que somos\u201d. Asegur\u00f3 que gracias al gobierno del expresidente\u00a0<strong>Andr\u00e9s Manuel L\u00f3pez Obrador<\/strong>, \u201cel pueblo de M\u00e9xico est\u00e1 empoderado\u201d.<\/p>\n\n\n\n<p>Ante las 13 nominaciones de \u201cEmilia P\u00e9rez\u201d de los&nbsp;<strong>premios Oscar<\/strong>, la Presidenta mencion\u00f3 que \u201cdepende del comit\u00e9 que va a premiar\u201d.<\/p>\n\n\n\n<p>La presidenta Sheinbaum resalt\u00f3 tambi\u00e9n obras como el\u00a0<strong>aeropuerto de Tulum\u00a0<\/strong>que \u201csobrepas\u00f3 todas las expectativas\u201d; el\u00a0<strong>Aeropuerto Internacional Felipe \u00c1ngeles<\/strong>\u00a0que \u201cest\u00e1 funcionando muy bien\u201d; y el\u00a0<strong>Tren Maya<\/strong>.<\/p>\n\n\n\n<p>Fuente: El <a href=\"https:\/\/www.eluniversal.com.mx\/nacion\/sheinbaum-reacciona-a-polemica-de-emilia-perez-no-llegaria-turismo-a-mexico-si-fuera-verdad-lo-que-proyecta\/\">Universal<\/a> <\/p>\n","protected":false},"excerpt":{"rendered":"<p>Ante la pol\u00e9mica que ha causado la\u00a0narcopel\u00edcula\u00a0\u201cEmilia P\u00e9rez\u201d, la presidenta\u00a0Claudia Sheinbaum Pardo\u00a0reaccion\u00f3 y dijo que su gobierno no cree en la censura. En su conferencia ma\u00f1anera de este lunes 27 de enero en\u00a0Palacio Nacional, Sheinbaum Pardo indic\u00f3 que a M\u00e9xico no llegar\u00eda turismo si fuera verdad lo que proyecta la cinta protagonizada por\u00a0Zoe Salda\u00f1a\u00a0y Karla [&hellip;]<\/p>\n","protected":false},"author":35,"featured_media":171015,"comment_status":"open","ping_status":"open","sticky":false,"template":"","format":"standard","meta":{"_monsterinsights_skip_tracking":false,"_monsterinsights_sitenote_active":false,"_monsterinsights_sitenote_note":"","_monsterinsights_sitenote_category":0,"footnotes":""},"categories":[157],"tags":[2801,30067],"class_list":["post-171009","post","type-post","status-publish","format-standard","has-post-thumbnail","hentry","category-nacional","tag-claudia-sheinbaum","tag-emilia-perez","wp-image-borders"],"amp_enabled":true,"_links":{"self":[{"href":"https:\/\/nvnoticias.mx\/index.php\/wp-json\/wp\/v2\/posts\/171009","targetHints":{"allow":["GET"]}}],"collection":[{"href":"https:\/\/nvnoticias.mx\/index.php\/wp-json\/wp\/v2\/posts"}],"about":[{"href":"https:\/\/nvnoticias.mx\/index.php\/wp-json\/wp\/v2\/types\/post"}],"author":[{"embeddable":true,"href":"https:\/\/nvnoticias.mx\/index.php\/wp-json\/wp\/v2\/users\/35"}],"replies":[{"embeddable":true,"href":"https:\/\/nvnoticias.mx\/index.php\/wp-json\/wp\/v2\/comments?post=171009"}],"version-history":[{"count":4,"href":"https:\/\/nvnoticias.mx\/index.php\/wp-json\/wp\/v2\/posts\/171009\/revisions"}],"predecessor-version":[{"id":171014,"href":"https:\/\/nvnoticias.mx\/index.php\/wp-json\/wp\/v2\/posts\/171009\/revisions\/171014"}],"wp:featuredmedia":[{"embeddable":true,"href":"https:\/\/nvnoticias.mx\/index.php\/wp-json\/wp\/v2\/media\/171015"}],"wp:attachment":[{"href":"https:\/\/nvnoticias.mx\/index.php\/wp-json\/wp\/v2\/media?parent=171009"}],"wp:term":[{"taxonomy":"category","embeddable":true,"href":"https:\/\/nvnoticias.mx\/index.php\/wp-json\/wp\/v2\/categories?post=171009"},{"taxonomy":"post_tag","embeddable":true,"href":"https:\/\/nvnoticias.mx\/index.php\/wp-json\/wp\/v2\/tags?post=171009"}],"curies":[{"name":"wp","href":"https:\/\/api.w.org\/{rel}","templated":true}]}}