{"id":170999,"date":"2025-01-27T12:57:16","date_gmt":"2025-01-27T18:57:16","guid":{"rendered":"https:\/\/nvnoticias.mx\/?p=170999"},"modified":"2025-01-27T12:57:18","modified_gmt":"2025-01-27T18:57:18","slug":"flor-campos-hace-dupla-con-el-aguila","status":"publish","type":"post","link":"https:\/\/nvnoticias.mx\/index.php\/2025\/01\/27\/flor-campos-hace-dupla-con-el-aguila\/","title":{"rendered":"Flor Campos hace dupla con El \u00c1guila"},"content":{"rendered":"\n<p><\/p>\n\n\n\n<p>La dise\u00f1adora veracruzana Flor Campos, quien ha vestido a celebridades internacionales y hasta a M\u00e9xico en Miss Universo, fue la encargada de dise\u00f1ar y crear los uniformes del equipo de animaci\u00f3n de El \u00c1guila de Veracruz.<\/p>\n\n\n\n<p>Flor Campos estudi\u00f3 la carrera de Dise\u00f1o y mercadotecnia de la moda en la Universidad Gestalt, en la ciudad de Veracruz; Flor cuenta con una s\u00f3lida carrera como dise\u00f1adora de alta costura, sus piezas han sido presentadas en Los \u00c1ngeles, Miami, New York, Israel y Egipto.<\/p>\n\n\n\n<p>El trabajo de Flor como dise\u00f1adora la ha llevado a vestir a reinas de belleza por todo M\u00e9xico, estrellas de televisi\u00f3n, cantantes y ahora su talento se plasm\u00f3 en los uniformes del equipo de animaci\u00f3n de El \u00c1guila.<\/p>\n\n\n\n<p>El equipo de animaci\u00f3n es una parte importante dentro de El \u00c1guila de Veracruz, ellos son los encargados de mantener el \u00e1nimo y entusiasmo de los aficionados en el Estadio Beto \u00c1vila.<\/p>\n\n\n\n<p>El dise\u00f1o de los uniformes del equipo de animaci\u00f3n de El \u00c1guila, retoma la esencia de los porristas, con cortes juveniles y colores representativos del equipo como el blanco, azul y rojo.<\/p>\n\n\n\n<p>Con este trabajo, El \u00c1guila de Veracruz hace dupla con una talentosa dise\u00f1adora veracruzana, cuyo trabajo al igual que el equipo ha traspasado fronteras.<\/p>\n","protected":false},"excerpt":{"rendered":"<p>La dise\u00f1adora veracruzana Flor Campos, quien ha vestido a celebridades internacionales y hasta a M\u00e9xico en Miss Universo, fue la encargada de dise\u00f1ar y crear los uniformes del equipo de animaci\u00f3n de El \u00c1guila de Veracruz. Flor Campos estudi\u00f3 la carrera de Dise\u00f1o y mercadotecnia de la moda en la Universidad Gestalt, en la ciudad [&hellip;]<\/p>\n","protected":false},"author":8,"featured_media":171000,"comment_status":"open","ping_status":"open","sticky":false,"template":"","format":"standard","meta":{"_monsterinsights_skip_tracking":false,"_monsterinsights_sitenote_active":false,"_monsterinsights_sitenote_note":"","_monsterinsights_sitenote_category":0,"footnotes":""},"categories":[159],"tags":[1195,31594],"class_list":["post-170999","post","type-post","status-publish","format-standard","has-post-thumbnail","hentry","category-deportes","tag-el-aguila-de-veracruz","tag-flor-campos","wp-image-borders"],"amp_enabled":true,"_links":{"self":[{"href":"https:\/\/nvnoticias.mx\/index.php\/wp-json\/wp\/v2\/posts\/170999","targetHints":{"allow":["GET"]}}],"collection":[{"href":"https:\/\/nvnoticias.mx\/index.php\/wp-json\/wp\/v2\/posts"}],"about":[{"href":"https:\/\/nvnoticias.mx\/index.php\/wp-json\/wp\/v2\/types\/post"}],"author":[{"embeddable":true,"href":"https:\/\/nvnoticias.mx\/index.php\/wp-json\/wp\/v2\/users\/8"}],"replies":[{"embeddable":true,"href":"https:\/\/nvnoticias.mx\/index.php\/wp-json\/wp\/v2\/comments?post=170999"}],"version-history":[{"count":1,"href":"https:\/\/nvnoticias.mx\/index.php\/wp-json\/wp\/v2\/posts\/170999\/revisions"}],"predecessor-version":[{"id":171001,"href":"https:\/\/nvnoticias.mx\/index.php\/wp-json\/wp\/v2\/posts\/170999\/revisions\/171001"}],"wp:featuredmedia":[{"embeddable":true,"href":"https:\/\/nvnoticias.mx\/index.php\/wp-json\/wp\/v2\/media\/171000"}],"wp:attachment":[{"href":"https:\/\/nvnoticias.mx\/index.php\/wp-json\/wp\/v2\/media?parent=170999"}],"wp:term":[{"taxonomy":"category","embeddable":true,"href":"https:\/\/nvnoticias.mx\/index.php\/wp-json\/wp\/v2\/categories?post=170999"},{"taxonomy":"post_tag","embeddable":true,"href":"https:\/\/nvnoticias.mx\/index.php\/wp-json\/wp\/v2\/tags?post=170999"}],"curies":[{"name":"wp","href":"https:\/\/api.w.org\/{rel}","templated":true}]}}