{"id":170841,"date":"2025-01-26T10:33:48","date_gmt":"2025-01-26T16:33:48","guid":{"rendered":"https:\/\/nvnoticias.mx\/?p=170841"},"modified":"2025-01-26T10:33:49","modified_gmt":"2025-01-26T16:33:49","slug":"sheinbaum-asegura-que-defendera-a-los-mexicanos-en-eu","status":"publish","type":"post","link":"https:\/\/nvnoticias.mx\/index.php\/2025\/01\/26\/sheinbaum-asegura-que-defendera-a-los-mexicanos-en-eu\/","title":{"rendered":"Sheinbaum asegura que defender\u00e1 a los mexicanos en EU"},"content":{"rendered":"\n<p>La presidenta\u00a0<strong>Claudia Sheinbaum<\/strong>\u00a0Pardo asegur\u00f3 que siempre defender\u00e1 a los\u00a0<strong>migrantes mexicanos<\/strong>\u00a0que se encuentran en Estados Unidos, esto luego de la estrategia de deportaci\u00f3n que ha comenzado a implementar el presidente<strong>\u00a0Donald Trump<\/strong>.<a href=\"https:\/\/www.infobae.com\/mexico\/2025\/01\/26\/sheinbaum-designa-a-nieto-del-expresidente-lazaro-cardenas-para-nueva-comision-en-la-mixteca\/\" target=\"_blank\" rel=\"noreferrer noopener\"><\/a><\/p>\n\n\n\n<p>Durante el evento de Programas para el Bienestar en Santiago Juxtlahuaca,\u00a0<strong>Oaxaca<\/strong>, la presidenta coment\u00f3 que siempre defender\u00e1 a los mexicanos que se encuentran en cualquier pa\u00eds del mundo, esto luego de que fuera difundida la presunta negativa por parte del Gobierno de M\u00e9xico para recibir un avi\u00f3n con mexicanos deportados por parte de\u00a0<strong>EEUU<\/strong>.<\/p>\n\n\n\n<p>\u201cHoy y siempre vamos a defender al pueblo de M\u00e9xico donde sea, en M\u00e9xico, en los Estados Unidos y en cualquier lugar del mundo \u00a1Qu\u00e9 vivan las y los migrantes!\u201d, coment\u00f3 Sheinbaum.\u00a0<a href=\"https:\/\/www.infobae.com\/mexico\/2025\/01\/25\/mexico-responde-por-supuesto-avion-con-repatriados-siempre-aceptaremos-la-llegada-de-mexicanos\/\" target=\"_blank\" rel=\"noreferrer noopener\"><\/a><\/p>\n\n\n\n<p>Adem\u00e1s, la presidenta reconoci\u00f3 el esfuerzo que realizan de manera diaria los&nbsp;<strong>migrantes mexicanos<\/strong>&nbsp;al cambiar su residencia con el objetivo de trabajar y enviar dinero a sus familiares en M\u00e9xico.<\/p>\n\n\n\n<p>Fuente: <a href=\"https:\/\/www.infobae.com\/mexico\/2025\/01\/25\/sheinbaum-asegura-que-defendera-a-los-mexicanos-en-eeuu-ellos-sostienen-la-economia\/\">Infobae<\/a><\/p>\n\n\n\n<p><\/p>\n","protected":false},"excerpt":{"rendered":"<p>La presidenta\u00a0Claudia Sheinbaum\u00a0Pardo asegur\u00f3 que siempre defender\u00e1 a los\u00a0migrantes mexicanos\u00a0que se encuentran en Estados Unidos, esto luego de la estrategia de deportaci\u00f3n que ha comenzado a implementar el presidente\u00a0Donald Trump. Durante el evento de Programas para el Bienestar en Santiago Juxtlahuaca,\u00a0Oaxaca, la presidenta coment\u00f3 que siempre defender\u00e1 a los mexicanos que se encuentran en cualquier [&hellip;]<\/p>\n","protected":false},"author":35,"featured_media":166432,"comment_status":"open","ping_status":"open","sticky":false,"template":"","format":"standard","meta":{"_monsterinsights_skip_tracking":false,"_monsterinsights_sitenote_active":false,"_monsterinsights_sitenote_note":"","_monsterinsights_sitenote_category":0,"footnotes":""},"categories":[158],"tags":[2801,257,162],"class_list":["post-170841","post","type-post","status-publish","format-standard","has-post-thumbnail","hentry","category-politica","tag-claudia-sheinbaum","tag-mexicanos","tag-portada","wp-image-borders"],"amp_enabled":true,"_links":{"self":[{"href":"https:\/\/nvnoticias.mx\/index.php\/wp-json\/wp\/v2\/posts\/170841","targetHints":{"allow":["GET"]}}],"collection":[{"href":"https:\/\/nvnoticias.mx\/index.php\/wp-json\/wp\/v2\/posts"}],"about":[{"href":"https:\/\/nvnoticias.mx\/index.php\/wp-json\/wp\/v2\/types\/post"}],"author":[{"embeddable":true,"href":"https:\/\/nvnoticias.mx\/index.php\/wp-json\/wp\/v2\/users\/35"}],"replies":[{"embeddable":true,"href":"https:\/\/nvnoticias.mx\/index.php\/wp-json\/wp\/v2\/comments?post=170841"}],"version-history":[{"count":3,"href":"https:\/\/nvnoticias.mx\/index.php\/wp-json\/wp\/v2\/posts\/170841\/revisions"}],"predecessor-version":[{"id":170844,"href":"https:\/\/nvnoticias.mx\/index.php\/wp-json\/wp\/v2\/posts\/170841\/revisions\/170844"}],"wp:featuredmedia":[{"embeddable":true,"href":"https:\/\/nvnoticias.mx\/index.php\/wp-json\/wp\/v2\/media\/166432"}],"wp:attachment":[{"href":"https:\/\/nvnoticias.mx\/index.php\/wp-json\/wp\/v2\/media?parent=170841"}],"wp:term":[{"taxonomy":"category","embeddable":true,"href":"https:\/\/nvnoticias.mx\/index.php\/wp-json\/wp\/v2\/categories?post=170841"},{"taxonomy":"post_tag","embeddable":true,"href":"https:\/\/nvnoticias.mx\/index.php\/wp-json\/wp\/v2\/tags?post=170841"}],"curies":[{"name":"wp","href":"https:\/\/api.w.org\/{rel}","templated":true}]}}