{"id":170784,"date":"2025-01-24T14:47:47","date_gmt":"2025-01-24T20:47:47","guid":{"rendered":"https:\/\/nvnoticias.mx\/?p=170784"},"modified":"2025-01-24T14:47:48","modified_gmt":"2025-01-24T20:47:48","slug":"sheinbaum-prepara-reforma-para-desaparecer-a-pluris","status":"publish","type":"post","link":"https:\/\/nvnoticias.mx\/index.php\/2025\/01\/24\/sheinbaum-prepara-reforma-para-desaparecer-a-pluris\/","title":{"rendered":"Sheinbaum prepara reforma para desaparecer a pluris"},"content":{"rendered":"\n<p>La presidenta\u00a0<strong>Claudia Sheinbaum\u00a0<\/strong>inform\u00f3 que un grupo de trabajo se encuentra integrando una iniciativa para desaparecer a los legisladores\u00a0<strong>plurinominales<\/strong>, reducir el financiamiento a los partidos pol\u00edticos y disminuir el costo de las elecciones.\u00a0<\/p>\n\n\n\n<p>Y cuestion\u00f3 al presidente del Senado,\u00a0<strong>Gerardo Fern\u00e1ndez Noro\u00f1a<\/strong>, quien en diciembre de 2024 dijo: \u201cquienes hablan de eliminar a los pluris est\u00e1n diciendo barbaridades porque no conocen la historia electoral del pa\u00eds\u201d.<\/p>\n\n\n\n<p>\u201cYo estoy en contra de las listas de plurinominales, porque para ser elegido, elegida, pues hay que trabajar en territorio, hay que ganarse el voto de la ciudadan\u00eda. \u00bfGerardo, qu\u00e9 plantea? Que haya representaci\u00f3n de las minor\u00edas, habr\u00eda que preguntarle a \u00e9l si lo que defiende es la lista o la representaci\u00f3n de las minor\u00edas\u201d, dijo Sheinbaum.<\/p>\n\n\n\n<p>Explic\u00f3 que su propuesta de reforma plantea&nbsp;<strong>desaparecer las listas de plurinominales<\/strong>, y que en todo caso se encuentre un esquema de representaci\u00f3n de las minor\u00edas, similar, por ejemplo, a la del Senado o al del Congreso de la Ciudad de M\u00e9xico.<\/p>\n\n\n\n<p>\u201cIgual, por ejemplo, en la Ciudad de M\u00e9xico, en el congreso de la Ciudad de M\u00e9xico entran algunos que quedaron en segundo lugar, pero que se vayan a elecci\u00f3n. Que sean menos tambi\u00e9n, no se necesitan 500 diputados, reducir\u00eda el gasto y tambi\u00e9n la revisi\u00f3n del gasto de los partidos pol\u00edticos, del subsidio que se da a los partidos y tambi\u00e9n de cu\u00e1nto cuestan las elecciones, entonces, para hacer esta propuesta ya m\u00e1s integral, ah\u00ed estamos conformando un grupo de trabajo\u201d, expres\u00f3.<\/p>\n\n\n\n<p><\/p>\n","protected":false},"excerpt":{"rendered":"<p>La presidenta\u00a0Claudia Sheinbaum\u00a0inform\u00f3 que un grupo de trabajo se encuentra integrando una iniciativa para desaparecer a los legisladores\u00a0plurinominales, reducir el financiamiento a los partidos pol\u00edticos y disminuir el costo de las elecciones.\u00a0 Y cuestion\u00f3 al presidente del Senado,\u00a0Gerardo Fern\u00e1ndez Noro\u00f1a, quien en diciembre de 2024 dijo: \u201cquienes hablan de eliminar a los pluris est\u00e1n diciendo [&hellip;]<\/p>\n","protected":false},"author":35,"featured_media":166432,"comment_status":"open","ping_status":"open","sticky":false,"template":"","format":"standard","meta":{"_monsterinsights_skip_tracking":false,"_monsterinsights_sitenote_active":false,"_monsterinsights_sitenote_note":"","_monsterinsights_sitenote_category":0,"footnotes":""},"categories":[157],"tags":[2801,29514],"class_list":["post-170784","post","type-post","status-publish","format-standard","has-post-thumbnail","hentry","category-nacional","tag-claudia-sheinbaum","tag-pluris","wp-image-borders"],"amp_enabled":true,"_links":{"self":[{"href":"https:\/\/nvnoticias.mx\/index.php\/wp-json\/wp\/v2\/posts\/170784","targetHints":{"allow":["GET"]}}],"collection":[{"href":"https:\/\/nvnoticias.mx\/index.php\/wp-json\/wp\/v2\/posts"}],"about":[{"href":"https:\/\/nvnoticias.mx\/index.php\/wp-json\/wp\/v2\/types\/post"}],"author":[{"embeddable":true,"href":"https:\/\/nvnoticias.mx\/index.php\/wp-json\/wp\/v2\/users\/35"}],"replies":[{"embeddable":true,"href":"https:\/\/nvnoticias.mx\/index.php\/wp-json\/wp\/v2\/comments?post=170784"}],"version-history":[{"count":3,"href":"https:\/\/nvnoticias.mx\/index.php\/wp-json\/wp\/v2\/posts\/170784\/revisions"}],"predecessor-version":[{"id":170787,"href":"https:\/\/nvnoticias.mx\/index.php\/wp-json\/wp\/v2\/posts\/170784\/revisions\/170787"}],"wp:featuredmedia":[{"embeddable":true,"href":"https:\/\/nvnoticias.mx\/index.php\/wp-json\/wp\/v2\/media\/166432"}],"wp:attachment":[{"href":"https:\/\/nvnoticias.mx\/index.php\/wp-json\/wp\/v2\/media?parent=170784"}],"wp:term":[{"taxonomy":"category","embeddable":true,"href":"https:\/\/nvnoticias.mx\/index.php\/wp-json\/wp\/v2\/categories?post=170784"},{"taxonomy":"post_tag","embeddable":true,"href":"https:\/\/nvnoticias.mx\/index.php\/wp-json\/wp\/v2\/tags?post=170784"}],"curies":[{"name":"wp","href":"https:\/\/api.w.org\/{rel}","templated":true}]}}