{"id":17075,"date":"2021-06-25T10:32:05","date_gmt":"2021-06-25T15:32:05","guid":{"rendered":"https:\/\/nvnoticias.mx\/?p=17075"},"modified":"2021-06-25T10:32:06","modified_gmt":"2021-06-25T15:32:06","slug":"ciudadanos-pueden-ampararse-para-no-otorgar-datos-biometricos","status":"publish","type":"post","link":"https:\/\/nvnoticias.mx\/index.php\/2021\/06\/25\/ciudadanos-pueden-ampararse-para-no-otorgar-datos-biometricos\/","title":{"rendered":"Ciudadanos pueden ampararse para no otorgar datos biom\u00e9tricos"},"content":{"rendered":"\n<p><strong>Jes\u00fas Utrilla \/ NV Noticias<\/strong><\/p>\n\n\n\n<p>Veracruz. \u2013 Los ciudadanos que se encuentren inconformes con otorgar sus datos biom\u00e9tricos y telef\u00f3nicos al Gobierno Federal pueden tramitar un amparo, aun cuando la Suprema Corte de Justicia de la Naci\u00f3n (SCJN) emiti\u00f3 una suspensi\u00f3n para bloquear o retrasar el nuevo padr\u00f3n usuarios de telefon\u00eda m\u00f3vil.<\/p>\n\n\n\n<p>El abogado, Edgar Cinta Pagola explic\u00f3 que se trata de un amparo indirecto con incidentes de suspensi\u00f3n del acto reclamado, incluso varias personas comenzaron a interponer el recurso para no verse obligados a otorgar dicha informaci\u00f3n por considerarlo violatorio de sus garant\u00edas individuales.<\/p>\n\n\n\n<p>En lo personal se dijo en contra de las disposiciones, pues no contribuir\u00e1n a reducir la violencia e inseguridad en el pa\u00eds.<\/p>\n\n\n\n<blockquote class=\"wp-block-quote is-layout-flow wp-block-quote-is-layout-flow\"><p>\u201cSi la excusa es la prevenci\u00f3n de ir en contra del crimen organizado como ponen en los motivos de la reforma, nos est\u00e1n tachando de criminales a todos, el camino es el amparo indirecto. Hay organismos p\u00fablicos que han presentado una acci\u00f3n de inconstitucionalidad que estoy seguro que van a proceder\u201d.<\/p><\/blockquote>\n\n\n\n<p>El costo de un amparo depende del despacho jur\u00eddico de abogados y el n\u00famero de tel\u00e9fonos de los ciudadanos.<\/p>\n\n\n\n<p>Es un recurso sencillo y no se requiere dejar una garant\u00eda econ\u00f3mica.<\/p>\n\n\n\n<p>Sin embargo, aunque la suspensi\u00f3n es inmediata el tr\u00e1mite puede durar cerca de 6 meses, por las condiciones de la pandemia.&nbsp;&nbsp;&nbsp;&nbsp;&nbsp;&nbsp;&nbsp;&nbsp;<\/p>\n\n\n\n<blockquote class=\"wp-block-quote is-layout-flow wp-block-quote-is-layout-flow\"><p>\u201cLas empresas tendr\u00e1n que expresar sus motivos, el particular tendr\u00e1 que expresar sus motivos, no estoy obligado a dar mis datos biom\u00e9tricos y menos a qu\u00e9 los utilicen para dar un seguimiento fiscal y de todas las naturalezas, incluso de control\u201d.<\/p><\/blockquote>\n\n\n\n<p>Cabe recordar que el 14 de abril el Senado de la Rep\u00fablica aprob\u00f3 la creaci\u00f3n de un nuevo padr\u00f3n que almacenar\u00e1 los datos biom\u00e9tricos de los usuarios de la telefon\u00eda m\u00f3vil en el pa\u00eds, sin embargo, dicho acto viola los derechos humanos y la presunci\u00f3n de la inocencia de la poblaci\u00f3n.<\/p>\n","protected":false},"excerpt":{"rendered":"<p>Jes\u00fas Utrilla \/ NV Noticias Veracruz. \u2013 Los ciudadanos que se encuentren inconformes con otorgar sus datos biom\u00e9tricos y telef\u00f3nicos al Gobierno Federal pueden tramitar un amparo, aun cuando la Suprema Corte de Justicia de la Naci\u00f3n (SCJN) emiti\u00f3 una suspensi\u00f3n para bloquear o retrasar el nuevo padr\u00f3n usuarios de telefon\u00eda m\u00f3vil. El abogado, Edgar [&hellip;]<\/p>\n","protected":false},"author":6,"featured_media":17076,"comment_status":"open","ping_status":"open","sticky":false,"template":"","format":"standard","meta":{"_monsterinsights_skip_tracking":false,"_monsterinsights_sitenote_active":false,"_monsterinsights_sitenote_note":"","_monsterinsights_sitenote_category":0,"footnotes":""},"categories":[154],"tags":[1547,3013],"class_list":["post-17075","post","type-post","status-publish","format-standard","has-post-thumbnail","hentry","category-veracruz","tag-amparo","tag-datos-biometricos","wp-image-borders"],"amp_enabled":true,"_links":{"self":[{"href":"https:\/\/nvnoticias.mx\/index.php\/wp-json\/wp\/v2\/posts\/17075","targetHints":{"allow":["GET"]}}],"collection":[{"href":"https:\/\/nvnoticias.mx\/index.php\/wp-json\/wp\/v2\/posts"}],"about":[{"href":"https:\/\/nvnoticias.mx\/index.php\/wp-json\/wp\/v2\/types\/post"}],"author":[{"embeddable":true,"href":"https:\/\/nvnoticias.mx\/index.php\/wp-json\/wp\/v2\/users\/6"}],"replies":[{"embeddable":true,"href":"https:\/\/nvnoticias.mx\/index.php\/wp-json\/wp\/v2\/comments?post=17075"}],"version-history":[{"count":1,"href":"https:\/\/nvnoticias.mx\/index.php\/wp-json\/wp\/v2\/posts\/17075\/revisions"}],"predecessor-version":[{"id":17077,"href":"https:\/\/nvnoticias.mx\/index.php\/wp-json\/wp\/v2\/posts\/17075\/revisions\/17077"}],"wp:featuredmedia":[{"embeddable":true,"href":"https:\/\/nvnoticias.mx\/index.php\/wp-json\/wp\/v2\/media\/17076"}],"wp:attachment":[{"href":"https:\/\/nvnoticias.mx\/index.php\/wp-json\/wp\/v2\/media?parent=17075"}],"wp:term":[{"taxonomy":"category","embeddable":true,"href":"https:\/\/nvnoticias.mx\/index.php\/wp-json\/wp\/v2\/categories?post=17075"},{"taxonomy":"post_tag","embeddable":true,"href":"https:\/\/nvnoticias.mx\/index.php\/wp-json\/wp\/v2\/tags?post=17075"}],"curies":[{"name":"wp","href":"https:\/\/api.w.org\/{rel}","templated":true}]}}