{"id":170564,"date":"2025-01-23T10:45:08","date_gmt":"2025-01-23T16:45:08","guid":{"rendered":"https:\/\/nvnoticias.mx\/?p=170564"},"modified":"2025-01-23T10:45:09","modified_gmt":"2025-01-23T16:45:09","slug":"asi-fue-la-reaccion-de-ariana-grande-a-su-primer-nominacion-en-los-oscars-2025","status":"publish","type":"post","link":"https:\/\/nvnoticias.mx\/index.php\/2025\/01\/23\/asi-fue-la-reaccion-de-ariana-grande-a-su-primer-nominacion-en-los-oscars-2025\/","title":{"rendered":"As\u00ed fue la reacci\u00f3n de Ariana Grande a su primer nominaci\u00f3n en los Oscars 2025"},"content":{"rendered":"\n<p>Ariana Grande celebra conmovida su<strong>&nbsp;primera nominaci\u00f3n a los Premios Oscar<\/strong>. La cantante y actriz de 31 a\u00f1os fue anunciada como candidata a&nbsp;<strong>Mejor Actriz de Reparto<\/strong>&nbsp;por su interpretaci\u00f3n de Glinda en la adaptaci\u00f3n cinematogr\u00e1fica del musical&nbsp;<em><strong>Wicked<\/strong><\/em>, dirigida por Jon M. Chu.<\/p>\n\n\n\n<p>Este reconocimiento es memorable en la carrera de Grande, quien se dedica principalmente a la m\u00fasica pop.<\/p>\n\n\n\n<p>El anuncio se realiz\u00f3 el jueves 23 de enero, cuando la Academia de Artes y Ciencias Cinematogr\u00e1ficas revel\u00f3\u00a0la lista de nominados para la 97\u00aa edici\u00f3n de los Oscar, gala que se celebrar\u00e1 el pr\u00f3ximo 2 de marzo en el Dolby Theatre de Los \u00c1ngeles.<\/p>\n\n\n\n<p>Grande compite en la categor\u00eda con otras talentosas actrices como&nbsp;<strong>Monica Barbaro&nbsp;<\/strong>(<em>A Complete Unknown<\/em>),<strong>&nbsp;Felicity Jones<\/strong>&nbsp;(<em>The Brutalist<\/em>),&nbsp;<strong>Isabella Rossellini&nbsp;<\/strong>(<em>Conclave<\/em>) y&nbsp;<strong>Zoe Salda\u00f1a<\/strong>&nbsp;(<em>Emilia P\u00e9rez<\/em>).<\/p>\n\n\n\n<p>En una publicaci\u00f3n de Instagram poco despu\u00e9s del anuncio, Grande dej\u00f3 fluir su emoci\u00f3n y gratitud.<\/p>\n\n\n\n<figure class=\"wp-block-image size-full\"><img loading=\"lazy\" decoding=\"async\" width=\"992\" height=\"606\" src=\"https:\/\/nvnoticias.mx\/wp-content\/uploads\/2025\/01\/IMG_4512.jpeg\" alt=\"\" class=\"wp-image-170567\" srcset=\"https:\/\/nvnoticias.mx\/wp-content\/uploads\/2025\/01\/IMG_4512.jpeg 992w, https:\/\/nvnoticias.mx\/wp-content\/uploads\/2025\/01\/IMG_4512-300x183.jpeg 300w, https:\/\/nvnoticias.mx\/wp-content\/uploads\/2025\/01\/IMG_4512-768x469.jpeg 768w\" sizes=\"auto, (max-width: 992px) 100vw, 992px\" \/><\/figure>\n\n\n\n<p>\u201cLevantando la cabeza entre sollozos para decir gracias a @theacademy por este reconocimiento inimaginable. No puedo dejar de llorar, como era de esperar\u201d, escribi\u00f3 la actriz. La publicaci\u00f3n incluy\u00f3 una fotograf\u00eda de ella misma de ni\u00f1a, vestida de manera similar al ic\u00f3nico personaje de Dorothy en&nbsp;<em>El mago de Oz<\/em>, adem\u00e1s de un video donde canta&nbsp;<strong>\u201cDefying Gravity\u201d<\/strong>&nbsp;y varias im\u00e1genes caracterizada como Glinda junto a su coestrella Cynthia Erivo.<\/p>\n\n\n\n<p>\u201cEstoy profundamente honrada de estar en tan brillante compa\u00f1\u00eda y de compartir este logro con la peque\u00f1a Ari, quien estudiaba a Judy Garland cantando \u2018Somewhere Over the Rainbow\u2019 justo antes de que entrara esa gran y hermosa burbuja. Estoy tan orgullosa de ti, peque\u00f1a\u201d, record\u00f3.<\/p>\n\n\n\n<p>La int\u00e9rprete de \u201c7 Rings\u201d, agradeci\u00f3 al director&nbsp;<strong>Jon M. Chu&nbsp;<\/strong>por confiar en ella y describi\u00f3 al cineasta como \u201cel l\u00edder m\u00e1s brillante e incre\u00edblemente humano\u201d.<\/p>\n\n\n\n<p>La qu\u00edmica entre Grande y Cynthia Erivo, quien interpreta a Elphaba y tambi\u00e9n fue nominada como Mejor Actriz, fue evidente tanto en pantalla como fuera de ella.<\/p>\n\n\n\n<p>En su mensaje, Grande se refiri\u00f3 a su co-estrella como<strong>&nbsp;\u201cmi Elphie, mi hermana, mi querida Cynthia Erivo\u201d<\/strong>&nbsp;y a\u00f1adi\u00f3: \u201cTu brillantez es infinita y mereces cada flor (tulip\u00e1n) en cada jard\u00edn. Te amo incondicionalmente, siempre\u201d.<\/p>\n\n\n\n<p><em>Wicked<\/em>, basada en el exitoso musical de Broadway y en la novela de Gregory Maguire, es una historia libre ambientada a\u00f1os antes de los sucesos de&nbsp;<em><strong>El mago de Oz.<\/strong><\/em><\/p>\n\n\n\n<p>Grande da vida a Glinda (o Galinda), una joven carism\u00e1tica y ambiciosa que desarrolla una compleja amistad con Elphaba, una bruja incomprendida de piel verde. La transici\u00f3n de Grande a este papel no fue sencilla a pesar de la experiencia de Ariana en el canto. La artista y exestrella de Nickelodeon se prepar\u00f3 para adoptar una t\u00e9cnica m\u00e1s cl\u00e1sica, que era lo que requer\u00edan las canciones del personaje.<\/p>\n\n\n\n<p>La nominaci\u00f3n al Oscar no es el \u00fanico reconocimiento reciente para&nbsp;<strong>Ariana Grande.&nbsp;<\/strong>La actriz tambi\u00e9n ha sido nominada como<strong>&nbsp;Mejor Actriz de Reparto en los premios Critics Choice y SAG Awards<\/strong>, que se llevar\u00e1n a cabo en febrero. Estos premios podr\u00edan dar indicios sobre sus posibilidades en la gran noche de los Oscar.<\/p>\n\n\n\n<p>En cuanto a&nbsp;<em><strong>Wicked<\/strong><\/em>, el filme acumul\u00f3 10 nominaciones en los Premios de la Academia, un empate con<em><strong>&nbsp;El brutalista&nbsp;<\/strong><\/em>como la segunda pel\u00edcula m\u00e1s nominada del a\u00f1o.<\/p>\n\n\n\n<p>Adem\u00e1s de Mejor Pel\u00edcula, Mejor Actriz (Erivo) y Mejor Actriz de Reparto (Grande),&nbsp;<em>Wicked<\/em>compite como finalista en varias categor\u00edas t\u00e9cnicas como&nbsp;<strong>Dise\u00f1o de Producci\u00f3n, Sonido, Efectos Visuales, Dise\u00f1o de Vestuario, Edici\u00f3n y Peinado y Maquillaje<\/strong>. Tambi\u00e9n obtuvo una nominaci\u00f3n por&nbsp;<strong>Mejor Banda Sonora Original<\/strong>, aunque no pudo competir en la categor\u00eda de Mejor Canci\u00f3n Original, ya que todas las canciones provinieron del musical original.<\/p>\n\n\n\n<p>La segunda parte de la historia llegar\u00e1 a los cines en noviembre de 2025.<\/p>\n\n\n\n<p>Fuente: <a href=\"https:\/\/www.infobae.com\/entretenimiento\/2025\/01\/23\/oscar-2025-asi-fue-la-reaccion-de-ariana-grande-a-su-primer-nominacion-en-los-premios-de-la-academia\/?outputType=amp-type\">Infobae<\/a><\/p>\n\n\n\n<p><\/p>\n","protected":false},"excerpt":{"rendered":"<p>Ariana Grande celebra conmovida su&nbsp;primera nominaci\u00f3n a los Premios Oscar. La cantante y actriz de 31 a\u00f1os fue anunciada como candidata a&nbsp;Mejor Actriz de Reparto&nbsp;por su interpretaci\u00f3n de Glinda en la adaptaci\u00f3n cinematogr\u00e1fica del musical&nbsp;Wicked, dirigida por Jon M. Chu. Este reconocimiento es memorable en la carrera de Grande, quien se dedica principalmente a la [&hellip;]<\/p>\n","protected":false},"author":35,"featured_media":170571,"comment_status":"open","ping_status":"open","sticky":false,"template":"","format":"standard","meta":{"_monsterinsights_skip_tracking":false,"_monsterinsights_sitenote_active":false,"_monsterinsights_sitenote_note":"","_monsterinsights_sitenote_category":0,"footnotes":""},"categories":[576],"tags":[23,31567,24643],"class_list":["post-170564","post","type-post","status-publish","format-standard","has-post-thumbnail","hentry","category-ocio","tag-ariana-grande","tag-oscars-2025","tag-wicked","wp-image-borders"],"amp_enabled":true,"_links":{"self":[{"href":"https:\/\/nvnoticias.mx\/index.php\/wp-json\/wp\/v2\/posts\/170564","targetHints":{"allow":["GET"]}}],"collection":[{"href":"https:\/\/nvnoticias.mx\/index.php\/wp-json\/wp\/v2\/posts"}],"about":[{"href":"https:\/\/nvnoticias.mx\/index.php\/wp-json\/wp\/v2\/types\/post"}],"author":[{"embeddable":true,"href":"https:\/\/nvnoticias.mx\/index.php\/wp-json\/wp\/v2\/users\/35"}],"replies":[{"embeddable":true,"href":"https:\/\/nvnoticias.mx\/index.php\/wp-json\/wp\/v2\/comments?post=170564"}],"version-history":[{"count":6,"href":"https:\/\/nvnoticias.mx\/index.php\/wp-json\/wp\/v2\/posts\/170564\/revisions"}],"predecessor-version":[{"id":170572,"href":"https:\/\/nvnoticias.mx\/index.php\/wp-json\/wp\/v2\/posts\/170564\/revisions\/170572"}],"wp:featuredmedia":[{"embeddable":true,"href":"https:\/\/nvnoticias.mx\/index.php\/wp-json\/wp\/v2\/media\/170571"}],"wp:attachment":[{"href":"https:\/\/nvnoticias.mx\/index.php\/wp-json\/wp\/v2\/media?parent=170564"}],"wp:term":[{"taxonomy":"category","embeddable":true,"href":"https:\/\/nvnoticias.mx\/index.php\/wp-json\/wp\/v2\/categories?post=170564"},{"taxonomy":"post_tag","embeddable":true,"href":"https:\/\/nvnoticias.mx\/index.php\/wp-json\/wp\/v2\/tags?post=170564"}],"curies":[{"name":"wp","href":"https:\/\/api.w.org\/{rel}","templated":true}]}}