{"id":170560,"date":"2025-01-23T10:32:15","date_gmt":"2025-01-23T16:32:15","guid":{"rendered":"https:\/\/nvnoticias.mx\/?p=170560"},"modified":"2025-01-23T10:32:17","modified_gmt":"2025-01-23T16:32:17","slug":"claudia-sheinbaum-confirma-que-no-acompanara-a-clara-brugada-a-su-informe-por-100-dias-de-gobierno","status":"publish","type":"post","link":"https:\/\/nvnoticias.mx\/index.php\/2025\/01\/23\/claudia-sheinbaum-confirma-que-no-acompanara-a-clara-brugada-a-su-informe-por-100-dias-de-gobierno\/","title":{"rendered":"Claudia Sheinbaum confirma que no acompa\u00f1ar\u00e1 a Clara Brugada a su informe por 100 d\u00edas de Gobierno"},"content":{"rendered":"\n<p><strong>Claudia Sheinbaum Pardo<\/strong>, quien funge como presidenta de M\u00e9xico, destac\u00f3 la ma\u00f1ana de este jueves 23 de enero que\u00a0<strong>no estar\u00e1 presente<\/strong>en el informe de<strong>\u00a0Clara Brugada Molina\u00a0<\/strong>por sus primeros 100 d\u00edas de gobierno debido a que en su agenda no est\u00e1 considerado quedarse en la capital mexicana durante este fin de semana.\u00a0<a href=\"https:\/\/www.infobae.com\/mexico\/2025\/01\/23\/sheinbaum-descarta-reunirse-pronto-con-donald-trump-en-la-casa-blanca-no-necesitamos-adelantarnos-a-nada\/\" target=\"_blank\" rel=\"noreferrer noopener\"><\/a><\/p>\n\n\n\n<p>Durante la conferencia de prensa conocida como<em>&nbsp;La Ma\u00f1anera del Pueblo,<\/em>&nbsp;la presidenta y exjefa de Gobierno de la Ciudad de M\u00e9xico adelant\u00f3 que enviar\u00eda a un representante al&nbsp;<strong>Auditorio Nacional,<\/strong>&nbsp;recinto donde la actual mandataria capitalina har\u00e1 un resumen de sus actividades desde que asumi\u00f3 al cargo.&nbsp;<\/p>\n\n\n\n<blockquote class=\"wp-block-quote is-layout-flow wp-block-quote-is-layout-flow\">\n<p>\u201cVa a ir un compa\u00f1ero, secretario o secretaria\u201d, dijo la mandataria federal.&nbsp;<\/p>\n<\/blockquote>\n\n\n\n<p>Ante los representantes de la prensa que se dan cita en el\u00a0<strong>Sal\u00f3n de la Tesorer\u00eda<\/strong>, la presidenta adelant\u00f3 que a parti de este viernes 24 de enero y hasta el domingo 26, su agenda contempla vistas al estado de\u00a0<strong>Oaxaca<\/strong>, por lo que no le ser\u00e1 posible acudir como una forma de apoyo a la morenista.<\/p>\n\n\n\n<p>Fuente: <a href=\"https:\/\/www.infobae.com\/mexico\/2025\/01\/23\/claudia-sheinbaum-confirma-que-no-acompanara-a-clara-brugada-a-su-informe-por-100-dias-de-gobierno-esta-es-su-agenda\/\">Infobae<\/a> <\/p>\n\n\n\n<p><\/p>\n","protected":false},"excerpt":{"rendered":"<p>Claudia Sheinbaum Pardo, quien funge como presidenta de M\u00e9xico, destac\u00f3 la ma\u00f1ana de este jueves 23 de enero que\u00a0no estar\u00e1 presenteen el informe de\u00a0Clara Brugada Molina\u00a0por sus primeros 100 d\u00edas de gobierno debido a que en su agenda no est\u00e1 considerado quedarse en la capital mexicana durante este fin de semana.\u00a0 Durante la conferencia de [&hellip;]<\/p>\n","protected":false},"author":35,"featured_media":151448,"comment_status":"open","ping_status":"open","sticky":false,"template":"","format":"standard","meta":{"_monsterinsights_skip_tracking":false,"_monsterinsights_sitenote_active":false,"_monsterinsights_sitenote_note":"","_monsterinsights_sitenote_category":0,"footnotes":""},"categories":[158],"tags":[20034,2801,162],"class_list":["post-170560","post","type-post","status-publish","format-standard","has-post-thumbnail","hentry","category-politica","tag-clara-brugada","tag-claudia-sheinbaum","tag-portada","wp-image-borders"],"amp_enabled":true,"_links":{"self":[{"href":"https:\/\/nvnoticias.mx\/index.php\/wp-json\/wp\/v2\/posts\/170560","targetHints":{"allow":["GET"]}}],"collection":[{"href":"https:\/\/nvnoticias.mx\/index.php\/wp-json\/wp\/v2\/posts"}],"about":[{"href":"https:\/\/nvnoticias.mx\/index.php\/wp-json\/wp\/v2\/types\/post"}],"author":[{"embeddable":true,"href":"https:\/\/nvnoticias.mx\/index.php\/wp-json\/wp\/v2\/users\/35"}],"replies":[{"embeddable":true,"href":"https:\/\/nvnoticias.mx\/index.php\/wp-json\/wp\/v2\/comments?post=170560"}],"version-history":[{"count":3,"href":"https:\/\/nvnoticias.mx\/index.php\/wp-json\/wp\/v2\/posts\/170560\/revisions"}],"predecessor-version":[{"id":170563,"href":"https:\/\/nvnoticias.mx\/index.php\/wp-json\/wp\/v2\/posts\/170560\/revisions\/170563"}],"wp:featuredmedia":[{"embeddable":true,"href":"https:\/\/nvnoticias.mx\/index.php\/wp-json\/wp\/v2\/media\/151448"}],"wp:attachment":[{"href":"https:\/\/nvnoticias.mx\/index.php\/wp-json\/wp\/v2\/media?parent=170560"}],"wp:term":[{"taxonomy":"category","embeddable":true,"href":"https:\/\/nvnoticias.mx\/index.php\/wp-json\/wp\/v2\/categories?post=170560"},{"taxonomy":"post_tag","embeddable":true,"href":"https:\/\/nvnoticias.mx\/index.php\/wp-json\/wp\/v2\/tags?post=170560"}],"curies":[{"name":"wp","href":"https:\/\/api.w.org\/{rel}","templated":true}]}}