{"id":170264,"date":"2025-01-20T14:28:47","date_gmt":"2025-01-20T20:28:47","guid":{"rendered":"https:\/\/nvnoticias.mx\/?p=170264"},"modified":"2025-01-20T14:28:48","modified_gmt":"2025-01-20T20:28:48","slug":"rompe-galilea-montijo-relaciones-con-danna-vazquez-tras-ser-vinculada-a-fraude-en-quien-es-la-mascara","status":"publish","type":"post","link":"https:\/\/nvnoticias.mx\/index.php\/2025\/01\/20\/rompe-galilea-montijo-relaciones-con-danna-vazquez-tras-ser-vinculada-a-fraude-en-quien-es-la-mascara\/","title":{"rendered":"Rompe Galilea Montijo relaciones con Danna V\u00e1zquez tras ser vinculada a fraude en \u2018\u00bfQui\u00e9n es la M\u00e1scara?\u2019"},"content":{"rendered":"\n<p><strong>Galilea Montijo<\/strong>\u00a0disoci\u00f3 su relaci\u00f3n laboral con la publirrelacionista\u00a0<strong>Danna V\u00e1zquez<\/strong>, luego de que la revista\u00a0<em>TVyNovelas<\/em>\u00a0inform\u00f3 este lunes que la presentadora de\u00a0<em>Hoy<\/em>\u00a0era investigada por TelevisaUnivision por su presunta injerencia en la divulgaci\u00f3n de informaci\u00f3n privada del programa\u00a0<em><strong>\u00bfQui\u00e9n es la M\u00e1scara?<\/strong><\/em><\/p>\n\n\n\n<p>Mediante un comunicado que fue replicado por las redes oficiales de Televisa,&nbsp;<em>\u00bfQui\u00e9n es la M\u00e1scara?<\/em>,&nbsp;<em>Hoy&nbsp;<\/em>y&nbsp;<em>Las Estrellas<\/em>, Galilea Montijo inform\u00f3 que, por acuerdo mutuo, ya no forma parte del talento art\u00edstico de Danna Prensa:<\/p>\n\n\n\n<blockquote class=\"wp-block-quote is-layout-flow wp-block-quote-is-layout-flow\">\n<p>\u201cDerivado de diversa informaci\u00f3n de la que he sido enterada recientemente, les informo que siempre me he conducido con cari\u00f1o, lealtad y respeto hacia mi casa TelevisaUnivision, y as\u00ed lo seguir\u00e9 haciendo.<\/p>\n<\/blockquote>\n\n\n\n<blockquote class=\"wp-block-quote is-layout-flow wp-block-quote-is-layout-flow\">\n<p>He pedido a mi equipo y personal cercano que tomen todas las medidas necesarias para contribuir a que se aclare esta situaci\u00f3n y por ello, de com\u00fan acuerdo con Danna V\u00e1zquez, he convenido dar por terminada nuestra relaci\u00f3n profesional\u201d, se lee en el comunicado.<\/p>\n<\/blockquote>\n\n\n\n<p>Hasta el momento, la agente de talentos no ha emitido declaraciones. Sin embargo, hace unas semanas, luego de que la cantante Anah\u00ed tambi\u00e9n rompi\u00f3 relaciones con su empresa bajo las mismas circunstancias, anunci\u00f3 que afrontar\u00eda la controversia con profesionalismo y con asesor\u00eda legal.<\/p>\n\n\n\n<blockquote class=\"wp-block-quote is-layout-flow wp-block-quote-is-layout-flow\">\n<p>\u201cNo hice nada. Es como cuando la vida te enfrenta a algo que no conoces que fue y yo voy a estar siempre disponible por si en alg\u00fan momento me quieren decir exactamente lo que les molest\u00f3. Acatar\u00e9 el castigo como un adulto responsable, simplemente no s\u00e9 lo que pas\u00f3 (&#8230;) Yo no conoc\u00eda el miedo a este nivel y lo tengo\u201d, indic\u00f3 Danna V\u00e1zquez.<\/p>\n<\/blockquote>\n","protected":false},"excerpt":{"rendered":"<p>Galilea Montijo\u00a0disoci\u00f3 su relaci\u00f3n laboral con la publirrelacionista\u00a0Danna V\u00e1zquez, luego de que la revista\u00a0TVyNovelas\u00a0inform\u00f3 este lunes que la presentadora de\u00a0Hoy\u00a0era investigada por TelevisaUnivision por su presunta injerencia en la divulgaci\u00f3n de informaci\u00f3n privada del programa\u00a0\u00bfQui\u00e9n es la M\u00e1scara? Mediante un comunicado que fue replicado por las redes oficiales de Televisa,&nbsp;\u00bfQui\u00e9n es la M\u00e1scara?,&nbsp;Hoy&nbsp;y&nbsp;Las Estrellas, Galilea [&hellip;]<\/p>\n","protected":false},"author":35,"featured_media":170267,"comment_status":"open","ping_status":"open","sticky":false,"template":"","format":"standard","meta":{"_monsterinsights_skip_tracking":false,"_monsterinsights_sitenote_active":false,"_monsterinsights_sitenote_note":"","_monsterinsights_sitenote_category":0,"footnotes":""},"categories":[576],"tags":[23795,4057],"class_list":["post-170264","post","type-post","status-publish","format-standard","has-post-thumbnail","hentry","category-ocio","tag-galilea-montijo","tag-televisa","wp-image-borders"],"amp_enabled":true,"_links":{"self":[{"href":"https:\/\/nvnoticias.mx\/index.php\/wp-json\/wp\/v2\/posts\/170264","targetHints":{"allow":["GET"]}}],"collection":[{"href":"https:\/\/nvnoticias.mx\/index.php\/wp-json\/wp\/v2\/posts"}],"about":[{"href":"https:\/\/nvnoticias.mx\/index.php\/wp-json\/wp\/v2\/types\/post"}],"author":[{"embeddable":true,"href":"https:\/\/nvnoticias.mx\/index.php\/wp-json\/wp\/v2\/users\/35"}],"replies":[{"embeddable":true,"href":"https:\/\/nvnoticias.mx\/index.php\/wp-json\/wp\/v2\/comments?post=170264"}],"version-history":[{"count":2,"href":"https:\/\/nvnoticias.mx\/index.php\/wp-json\/wp\/v2\/posts\/170264\/revisions"}],"predecessor-version":[{"id":170266,"href":"https:\/\/nvnoticias.mx\/index.php\/wp-json\/wp\/v2\/posts\/170264\/revisions\/170266"}],"wp:featuredmedia":[{"embeddable":true,"href":"https:\/\/nvnoticias.mx\/index.php\/wp-json\/wp\/v2\/media\/170267"}],"wp:attachment":[{"href":"https:\/\/nvnoticias.mx\/index.php\/wp-json\/wp\/v2\/media?parent=170264"}],"wp:term":[{"taxonomy":"category","embeddable":true,"href":"https:\/\/nvnoticias.mx\/index.php\/wp-json\/wp\/v2\/categories?post=170264"},{"taxonomy":"post_tag","embeddable":true,"href":"https:\/\/nvnoticias.mx\/index.php\/wp-json\/wp\/v2\/tags?post=170264"}],"curies":[{"name":"wp","href":"https:\/\/api.w.org\/{rel}","templated":true}]}}