{"id":170259,"date":"2025-01-20T14:25:21","date_gmt":"2025-01-20T20:25:21","guid":{"rendered":"https:\/\/nvnoticias.mx\/?p=170259"},"modified":"2025-01-20T14:25:22","modified_gmt":"2025-01-20T20:25:22","slug":"doctor-simi-abre-concierto-de-camila-cabello","status":"publish","type":"post","link":"https:\/\/nvnoticias.mx\/index.php\/2025\/01\/20\/doctor-simi-abre-concierto-de-camila-cabello\/","title":{"rendered":"Doctor Simi abre concierto de Camila Cabello\u00a0"},"content":{"rendered":"\n<p>Ni en nuestros sue\u00f1os m\u00e1s locos nos imaginamos que el&nbsp;<strong>Doctor Simi<\/strong>&nbsp;le abrir\u00eda un concierto a un artista y mucho menos a uno mundial como lo es&nbsp;<strong>Camila Cabello<\/strong>, pero s\u00ed, s\u00ed pas\u00f3 y hasta tenemos video.&nbsp;<\/p>\n\n\n\n<p>Alguien declare patrimonio cultural al Doctor Simi, pues se ha convertido en un \u00edcono mundial y artistas como\u00a0<strong>Adele<\/strong>, los\u00a0<strong>Jonas Brothers<\/strong>,\u00a0<strong>Coldplay<\/strong>,\u00a0<strong>The Killers<\/strong>, entre otros, han recibido peluches Simis en sus conciertos y ubican perfecto al mu\u00f1eco.\u00a0<br><\/p>\n\n\n\n<p>Todo ocurri\u00f3 en la&nbsp;<strong>Feria Estatal de Le\u00f3n 2025<\/strong>, donde&nbsp;<a href=\"https:\/\/culturacolectiva.com\/entretenimiento\/quien-es-henry-junior-chalhoub-nuevo-novio-camila-cabello\/\"><strong>Camila Cabello<\/strong><\/a>&nbsp;se present\u00f3 el 16 de enero, para cantar sus m\u00e1s grandes \u00e9xitos, y asegur\u00f3 que aunque vive en Miami y canta Havana \u201ces 100% mexicana\u201d.&nbsp;<\/p>\n\n\n\n<p>La actriz, sin duda, la rompi\u00f3 en su presentaci\u00f3n, pero lo m\u00e1s divertido ocurri\u00f3 antes de su show, pues usuarios publicaron videos asegurando que el Doctor Simi le hab\u00eda abierto el concierto a la cantante.<\/p>\n\n\n\n<p>En los videos, se pueden ver varias botargas del famoso personaje, una del Simi vaquero, otra del Simi con sombrero y otra de un Simi con un chaleco de vialidad, bailando y saltando al ritmo latino.&nbsp;<\/p>\n\n\n\n<p><br><\/p>\n\n\n\n<p><\/p>\n","protected":false},"excerpt":{"rendered":"<p>Ni en nuestros sue\u00f1os m\u00e1s locos nos imaginamos que el&nbsp;Doctor Simi&nbsp;le abrir\u00eda un concierto a un artista y mucho menos a uno mundial como lo es&nbsp;Camila Cabello, pero s\u00ed, s\u00ed pas\u00f3 y hasta tenemos video.&nbsp; Alguien declare patrimonio cultural al Doctor Simi, pues se ha convertido en un \u00edcono mundial y artistas como\u00a0Adele, los\u00a0Jonas Brothers,\u00a0Coldplay,\u00a0The [&hellip;]<\/p>\n","protected":false},"author":35,"featured_media":170263,"comment_status":"open","ping_status":"open","sticky":false,"template":"","format":"standard","meta":{"_monsterinsights_skip_tracking":false,"_monsterinsights_sitenote_active":false,"_monsterinsights_sitenote_note":"","_monsterinsights_sitenote_category":0,"footnotes":""},"categories":[576],"tags":[2630,31555],"class_list":["post-170259","post","type-post","status-publish","format-standard","has-post-thumbnail","hentry","category-ocio","tag-camila-cabello","tag-doctor-simi","wp-image-borders"],"amp_enabled":true,"_links":{"self":[{"href":"https:\/\/nvnoticias.mx\/index.php\/wp-json\/wp\/v2\/posts\/170259","targetHints":{"allow":["GET"]}}],"collection":[{"href":"https:\/\/nvnoticias.mx\/index.php\/wp-json\/wp\/v2\/posts"}],"about":[{"href":"https:\/\/nvnoticias.mx\/index.php\/wp-json\/wp\/v2\/types\/post"}],"author":[{"embeddable":true,"href":"https:\/\/nvnoticias.mx\/index.php\/wp-json\/wp\/v2\/users\/35"}],"replies":[{"embeddable":true,"href":"https:\/\/nvnoticias.mx\/index.php\/wp-json\/wp\/v2\/comments?post=170259"}],"version-history":[{"count":3,"href":"https:\/\/nvnoticias.mx\/index.php\/wp-json\/wp\/v2\/posts\/170259\/revisions"}],"predecessor-version":[{"id":170262,"href":"https:\/\/nvnoticias.mx\/index.php\/wp-json\/wp\/v2\/posts\/170259\/revisions\/170262"}],"wp:featuredmedia":[{"embeddable":true,"href":"https:\/\/nvnoticias.mx\/index.php\/wp-json\/wp\/v2\/media\/170263"}],"wp:attachment":[{"href":"https:\/\/nvnoticias.mx\/index.php\/wp-json\/wp\/v2\/media?parent=170259"}],"wp:term":[{"taxonomy":"category","embeddable":true,"href":"https:\/\/nvnoticias.mx\/index.php\/wp-json\/wp\/v2\/categories?post=170259"},{"taxonomy":"post_tag","embeddable":true,"href":"https:\/\/nvnoticias.mx\/index.php\/wp-json\/wp\/v2\/tags?post=170259"}],"curies":[{"name":"wp","href":"https:\/\/api.w.org\/{rel}","templated":true}]}}