{"id":170255,"date":"2025-01-20T14:20:47","date_gmt":"2025-01-20T20:20:47","guid":{"rendered":"https:\/\/nvnoticias.mx\/?p=170255"},"modified":"2025-01-20T14:20:50","modified_gmt":"2025-01-20T20:20:50","slug":"selena-gomez-ya-hablo-con-eugenio-derbez-tras-criticas-del-comediante-a-emilia-perez","status":"publish","type":"post","link":"https:\/\/nvnoticias.mx\/index.php\/2025\/01\/20\/selena-gomez-ya-hablo-con-eugenio-derbez-tras-criticas-del-comediante-a-emilia-perez\/","title":{"rendered":"Selena G\u00f3mez ya habl\u00f3 con Eugenio Derbez tras cr\u00edticas del comediante a \u2018Emilia P\u00e9rez\u2019"},"content":{"rendered":"\n<p>La controversia que surgi\u00f3 a ra\u00edz de los comentarios de&nbsp;<strong>Eugenio Derbez<\/strong>&nbsp;sobre la actuaci\u00f3n de&nbsp;<strong>Selena Gomez<\/strong>&nbsp;en la pel\u00edcula&nbsp;<em><strong>Emilia P\u00e9rez<\/strong><\/em>&nbsp;parece haber llegado a su fin.<\/p>\n\n\n\n<p>La cantante y actriz estadounidense ya se puso en contacto con el comediante mexicano para abordar el tema, luego de que sus declaraciones generaran un intenso debate en la industria cinematogr\u00e1fica.<\/p>\n\n\n\n<p>Derbez hab\u00eda calificado inicialmente la interpretaci\u00f3n de Gomez como \u201cindefendible\u201d, lo que provoc\u00f3 reacciones divididas entre colegas y fan\u00e1ticos.<\/p>\n\n\n\n<p>Alessandra Rosaldo, esposa de Derbez,\u00a0<strong>confirm\u00f3 que Selena Gomez se comunic\u00f3 con el actor<\/strong>\u00a0a trav\u00e9s de mensajes.<\/p>\n\n\n\n<p>\u201cS\u00e9 que ella ha estado en contacto con Eugenio v\u00eda mensaje, s\u00ed,\u00a0<strong>ella ya busc\u00f3 a Eugenio<\/strong>. Entonces, bien, bien, la verdad es que fue nada m\u00e1s un momento\u201d, expres\u00f3 Rosaldo, quien tambi\u00e9n reflexion\u00f3 sobre c\u00f3mo la familia enfrent\u00f3 la situaci\u00f3n y las lecciones que dejaron estos acontecimientos.<\/p>\n\n\n\n<p><\/p>\n","protected":false},"excerpt":{"rendered":"<p>La controversia que surgi\u00f3 a ra\u00edz de los comentarios de&nbsp;Eugenio Derbez&nbsp;sobre la actuaci\u00f3n de&nbsp;Selena Gomez&nbsp;en la pel\u00edcula&nbsp;Emilia P\u00e9rez&nbsp;parece haber llegado a su fin. La cantante y actriz estadounidense ya se puso en contacto con el comediante mexicano para abordar el tema, luego de que sus declaraciones generaran un intenso debate en la industria cinematogr\u00e1fica. Derbez [&hellip;]<\/p>\n","protected":false},"author":35,"featured_media":170257,"comment_status":"open","ping_status":"open","sticky":false,"template":"","format":"standard","meta":{"_monsterinsights_skip_tracking":false,"_monsterinsights_sitenote_active":false,"_monsterinsights_sitenote_note":"","_monsterinsights_sitenote_category":0,"footnotes":""},"categories":[576],"tags":[7368,126],"class_list":["post-170255","post","type-post","status-publish","format-standard","has-post-thumbnail","hentry","category-ocio","tag-eugenio-derbez","tag-selena-gomez","wp-image-borders"],"amp_enabled":true,"_links":{"self":[{"href":"https:\/\/nvnoticias.mx\/index.php\/wp-json\/wp\/v2\/posts\/170255","targetHints":{"allow":["GET"]}}],"collection":[{"href":"https:\/\/nvnoticias.mx\/index.php\/wp-json\/wp\/v2\/posts"}],"about":[{"href":"https:\/\/nvnoticias.mx\/index.php\/wp-json\/wp\/v2\/types\/post"}],"author":[{"embeddable":true,"href":"https:\/\/nvnoticias.mx\/index.php\/wp-json\/wp\/v2\/users\/35"}],"replies":[{"embeddable":true,"href":"https:\/\/nvnoticias.mx\/index.php\/wp-json\/wp\/v2\/comments?post=170255"}],"version-history":[{"count":2,"href":"https:\/\/nvnoticias.mx\/index.php\/wp-json\/wp\/v2\/posts\/170255\/revisions"}],"predecessor-version":[{"id":170258,"href":"https:\/\/nvnoticias.mx\/index.php\/wp-json\/wp\/v2\/posts\/170255\/revisions\/170258"}],"wp:featuredmedia":[{"embeddable":true,"href":"https:\/\/nvnoticias.mx\/index.php\/wp-json\/wp\/v2\/media\/170257"}],"wp:attachment":[{"href":"https:\/\/nvnoticias.mx\/index.php\/wp-json\/wp\/v2\/media?parent=170255"}],"wp:term":[{"taxonomy":"category","embeddable":true,"href":"https:\/\/nvnoticias.mx\/index.php\/wp-json\/wp\/v2\/categories?post=170255"},{"taxonomy":"post_tag","embeddable":true,"href":"https:\/\/nvnoticias.mx\/index.php\/wp-json\/wp\/v2\/tags?post=170255"}],"curies":[{"name":"wp","href":"https:\/\/api.w.org\/{rel}","templated":true}]}}