{"id":170232,"date":"2025-01-20T13:13:52","date_gmt":"2025-01-20T19:13:52","guid":{"rendered":"https:\/\/nvnoticias.mx\/?p=170232"},"modified":"2025-01-20T13:13:53","modified_gmt":"2025-01-20T19:13:53","slug":"conmemoro-imss-veracruz-norte-82o-aniversario-del-seguro-social","status":"publish","type":"post","link":"https:\/\/nvnoticias.mx\/index.php\/2025\/01\/20\/conmemoro-imss-veracruz-norte-82o-aniversario-del-seguro-social\/","title":{"rendered":"Conmemor\u00f3 IMSS Veracruz Norte 82\u00ba Aniversario del Seguro Social"},"content":{"rendered":"\n<p><\/p>\n\n\n\n<p>En conmemoraci\u00f3n del 82\u00ba aniversario del Instituto Mexicano del Seguro Social (IMSS), el cual se cumpli\u00f3 ayer 19 de enero, la Representaci\u00f3n en Veracruz Norte llev\u00f3 a cabo un acto c\u00edvico en la sede delegacional, donde participaron la titular, doctora Edith Jim\u00e9nez Mart\u00ednez, as\u00ed como el Cuerpo de Gobierno y personal de todas las jefaturas y coordinaciones.<\/p>\n\n\n\n<p>&nbsp;\u201cEn ocho d\u00e9cadas de existencia, el IMSS ha logrado proezas m\u00e9dicas a nivel nacional e internacional, garante del derecho humano a la salud y promotor de los servicios sociales, gracias al compromiso profesional de sus trabajadores; acciones que le han valido ser la instituci\u00f3n de seguridad social m\u00e1s importante de M\u00e9xico y Am\u00e9rica Latina\u201d, apunt\u00f3 Jim\u00e9nez Mart\u00ednez.<\/p>\n","protected":false},"excerpt":{"rendered":"<p>En conmemoraci\u00f3n del 82\u00ba aniversario del Instituto Mexicano del Seguro Social (IMSS), el cual se cumpli\u00f3 ayer 19 de enero, la Representaci\u00f3n en Veracruz Norte llev\u00f3 a cabo un acto c\u00edvico en la sede delegacional, donde participaron la titular, doctora Edith Jim\u00e9nez Mart\u00ednez, as\u00ed como el Cuerpo de Gobierno y personal de todas las jefaturas [&hellip;]<\/p>\n","protected":false},"author":6,"featured_media":170233,"comment_status":"open","ping_status":"open","sticky":false,"template":"","format":"standard","meta":{"_monsterinsights_skip_tracking":false,"_monsterinsights_sitenote_active":false,"_monsterinsights_sitenote_note":"","_monsterinsights_sitenote_category":0,"footnotes":""},"categories":[156],"tags":[1687],"class_list":["post-170232","post","type-post","status-publish","format-standard","has-post-thumbnail","hentry","category-estado","tag-imss-veracruz-norte","wp-image-borders"],"amp_enabled":true,"_links":{"self":[{"href":"https:\/\/nvnoticias.mx\/index.php\/wp-json\/wp\/v2\/posts\/170232","targetHints":{"allow":["GET"]}}],"collection":[{"href":"https:\/\/nvnoticias.mx\/index.php\/wp-json\/wp\/v2\/posts"}],"about":[{"href":"https:\/\/nvnoticias.mx\/index.php\/wp-json\/wp\/v2\/types\/post"}],"author":[{"embeddable":true,"href":"https:\/\/nvnoticias.mx\/index.php\/wp-json\/wp\/v2\/users\/6"}],"replies":[{"embeddable":true,"href":"https:\/\/nvnoticias.mx\/index.php\/wp-json\/wp\/v2\/comments?post=170232"}],"version-history":[{"count":1,"href":"https:\/\/nvnoticias.mx\/index.php\/wp-json\/wp\/v2\/posts\/170232\/revisions"}],"predecessor-version":[{"id":170234,"href":"https:\/\/nvnoticias.mx\/index.php\/wp-json\/wp\/v2\/posts\/170232\/revisions\/170234"}],"wp:featuredmedia":[{"embeddable":true,"href":"https:\/\/nvnoticias.mx\/index.php\/wp-json\/wp\/v2\/media\/170233"}],"wp:attachment":[{"href":"https:\/\/nvnoticias.mx\/index.php\/wp-json\/wp\/v2\/media?parent=170232"}],"wp:term":[{"taxonomy":"category","embeddable":true,"href":"https:\/\/nvnoticias.mx\/index.php\/wp-json\/wp\/v2\/categories?post=170232"},{"taxonomy":"post_tag","embeddable":true,"href":"https:\/\/nvnoticias.mx\/index.php\/wp-json\/wp\/v2\/tags?post=170232"}],"curies":[{"name":"wp","href":"https:\/\/api.w.org\/{rel}","templated":true}]}}