{"id":170219,"date":"2025-01-20T11:57:38","date_gmt":"2025-01-20T17:57:38","guid":{"rendered":"https:\/\/nvnoticias.mx\/?p=170219"},"modified":"2025-01-20T11:57:40","modified_gmt":"2025-01-20T17:57:40","slug":"expolicias-de-la-extinta-policia-intermunicipal-de-poza-rica-bloquearon-avenida-enriquez-en-xalapa","status":"publish","type":"post","link":"https:\/\/nvnoticias.mx\/index.php\/2025\/01\/20\/expolicias-de-la-extinta-policia-intermunicipal-de-poza-rica-bloquearon-avenida-enriquez-en-xalapa\/","title":{"rendered":"Expolic\u00edas de la extinta polic\u00eda intermunicipal de Poza Rica bloquearon avenida Enr\u00edquez, en Xalapa"},"content":{"rendered":"\n<p><\/p>\n\n\n\n<p><strong>Sam Ojeda \/ NV Noticias<\/strong><\/p>\n\n\n\n<p>Xalapa.- Este lunes integrantes de la extinta polic\u00eda intermunicipal Poza Rica-Tihuatl\u00e1n-Coatzintla bloquearon la avenida Juan de la Luz Enr\u00edquez, frente al Palacio de Gobierno para exigir celeridad en el pago de liquidaciones a 150 ex empleados.<\/p>\n\n\n\n<p>Al respecto, el abogado Ader \u00d3scar Ju\u00e1rez T\u00e9llez, se\u00f1al\u00f3 que decidieron manifestarse para pedir una audiencia con la gobernadora Roc\u00edo Nahle Garc\u00eda, a fin de que atienda esta situaci\u00f3n. <\/p>\n\n\n\n<p>Y es que dijo que fueron m\u00e1s de 600 los ex trabajadores afectados con un despido en el 2015 y que luego fueron v\u00edctimas de fraude pues asegur\u00f3 que hubo funcionarios que cobraron los cheques de finiquito a trav\u00e9s de firmas falsas. <\/p>\n\n\n\n<p>Se\u00f1al\u00f3 que a 10 a\u00f1os del despido ellos cuentan con dict\u00e1menes que acreditan el fraude pero a\u00fan as\u00ed las autoridades se niegan a darles un fallo a favor. <\/p>\n\n\n\n<p>\u201cTenemos dict\u00e1menes a favor y se est\u00e1n muriendo los trabajadores que son las v\u00edctimas y est\u00e1n qued\u00e1ndoosla las viudas que son v\u00edctimas indirectas\u201d, dijo. <\/p>\n\n\n\n<p>Narr\u00f3 que mientras esta dilaci\u00f3n contin\u00faa han muerto m\u00e1s de 40 trabajadores esperando justicia y el pago de sus finiquitos.  <\/p>\n\n\n\n<p>El abogado se\u00f1al\u00f3 que actualmente lleva el caso de 150 ex trabajadores y acus\u00f3 que existe omisi\u00f3n y dilaci\u00f3n por parte de las autoridades.<\/p>\n\n\n\n<p>Ante ello, anunci\u00f3 que no levantar\u00e1n el bloqueo hasta que sean atendidos y se llegue a un acuerdo con las autoridades. <\/p>\n\n\n\n<p>\u201cNo nos vamos a ir, vamos a pernoctar porque queremos hablar con Roc\u00edo Nahle\u201d, se\u00f1al\u00f3. <\/p>\n\n\n\n<p><\/p>\n","protected":false},"excerpt":{"rendered":"<p>Sam Ojeda \/ NV Noticias Xalapa.- Este lunes integrantes de la extinta polic\u00eda intermunicipal Poza Rica-Tihuatl\u00e1n-Coatzintla bloquearon la avenida Juan de la Luz Enr\u00edquez, frente al Palacio de Gobierno para exigir celeridad en el pago de liquidaciones a 150 ex empleados. Al respecto, el abogado Ader \u00d3scar Ju\u00e1rez T\u00e9llez, se\u00f1al\u00f3 que decidieron manifestarse para pedir [&hellip;]<\/p>\n","protected":false},"author":8,"featured_media":170225,"comment_status":"open","ping_status":"open","sticky":false,"template":"","format":"standard","meta":{"_monsterinsights_skip_tracking":false,"_monsterinsights_sitenote_active":false,"_monsterinsights_sitenote_note":"","_monsterinsights_sitenote_category":0,"footnotes":""},"categories":[156],"tags":[503,9637,2419,312],"class_list":["post-170219","post","type-post","status-publish","format-standard","has-post-thumbnail","hentry","category-estado","tag-manifestacion","tag-policia-intermunicipal","tag-poza-rica","tag-xalapa","wp-image-borders"],"amp_enabled":true,"_links":{"self":[{"href":"https:\/\/nvnoticias.mx\/index.php\/wp-json\/wp\/v2\/posts\/170219","targetHints":{"allow":["GET"]}}],"collection":[{"href":"https:\/\/nvnoticias.mx\/index.php\/wp-json\/wp\/v2\/posts"}],"about":[{"href":"https:\/\/nvnoticias.mx\/index.php\/wp-json\/wp\/v2\/types\/post"}],"author":[{"embeddable":true,"href":"https:\/\/nvnoticias.mx\/index.php\/wp-json\/wp\/v2\/users\/8"}],"replies":[{"embeddable":true,"href":"https:\/\/nvnoticias.mx\/index.php\/wp-json\/wp\/v2\/comments?post=170219"}],"version-history":[{"count":3,"href":"https:\/\/nvnoticias.mx\/index.php\/wp-json\/wp\/v2\/posts\/170219\/revisions"}],"predecessor-version":[{"id":170226,"href":"https:\/\/nvnoticias.mx\/index.php\/wp-json\/wp\/v2\/posts\/170219\/revisions\/170226"}],"wp:featuredmedia":[{"embeddable":true,"href":"https:\/\/nvnoticias.mx\/index.php\/wp-json\/wp\/v2\/media\/170225"}],"wp:attachment":[{"href":"https:\/\/nvnoticias.mx\/index.php\/wp-json\/wp\/v2\/media?parent=170219"}],"wp:term":[{"taxonomy":"category","embeddable":true,"href":"https:\/\/nvnoticias.mx\/index.php\/wp-json\/wp\/v2\/categories?post=170219"},{"taxonomy":"post_tag","embeddable":true,"href":"https:\/\/nvnoticias.mx\/index.php\/wp-json\/wp\/v2\/tags?post=170219"}],"curies":[{"name":"wp","href":"https:\/\/api.w.org\/{rel}","templated":true}]}}