{"id":170111,"date":"2025-01-19T11:12:20","date_gmt":"2025-01-19T17:12:20","guid":{"rendered":"https:\/\/nvnoticias.mx\/?p=170111"},"modified":"2025-01-19T11:12:22","modified_gmt":"2025-01-19T17:12:22","slug":"pide-arquidiocesis-primada-de-mexico-orar-por-el-nuevo-mandato-de-trump","status":"publish","type":"post","link":"https:\/\/nvnoticias.mx\/index.php\/2025\/01\/19\/pide-arquidiocesis-primada-de-mexico-orar-por-el-nuevo-mandato-de-trump\/","title":{"rendered":"Pide Arquidi\u00f3cesis Primada de M\u00e9xico orar por el nuevo mandato de Trump"},"content":{"rendered":"\n<p><\/p>\n\n\n\n<p>A unas horas de que inicie el nuevo mandato de Donald Trump al frente de los Estados Unidos, la Arquidi\u00f3cesis Primada de M\u00e9xico pidi\u00f3 a sus fieles y religiosos a orar por la nueva administraci\u00f3n del vecino pa\u00eds. En la editorial del semanario cat\u00f3lico Desde la Fe, el clero de la capital del pa\u00eds pidieron oraciones para que las decisiones del nuevo mandatario \u201cest\u00e9n guiadas por la sabidur\u00eda, la justicia y el amor al pr\u00f3jimo. Que el Esp\u00edritu Santo los ilumine en su camino y les inspire a construir un mundo donde la paz y la fraternidad sean posibles para todos\u201d.<\/p>\n\n\n\n<p>A unas hora del cambio de administraci\u00f3n del gobierno de los Estados Unidos, la asociaci\u00f3n religiosa pidi\u00f3 tambi\u00e9n recordar a la sociedad en general que la misi\u00f3n de la iglesia es estar siempre del lado de los necesitados \u201cdefendiendo sus derechos y dignidad\u201d. <\/p>\n\n\n\n<p>Recordaron que tradicionalmente, la Iglesia Cat\u00f3lica ha sido una instituci\u00f3n que acoge y apoya a los migrantes, reconociendo en ellos \u201cel rostro de Cristo\u201d. Por lo que se comprometieron a seguir trabajando para brindar apoyo y acompa\u00f1amiento a quienes lo necesitan, independientemente de las pol\u00edticas que se implementen\u201d.<\/p>\n\n\n\n<blockquote class=\"wp-block-quote is-layout-flow wp-block-quote-is-layout-flow\">\n<p>\u201cEn estos tiempos de incertidumbre, reafirmamos nuestro compromiso de trabajar por una sociedad m\u00e1s justa y solidaria, recordando que la buena pol\u00edtica establece que como humanidad nos haremos m\u00e1s fuertes si trabajamos juntos y no separados\u201d.<\/p>\n<\/blockquote>\n\n\n\n<p>Asimismo, llamaron a no dejarse enga\u00f1ar por quienes \u201costentan la bandera del catolicismo, pero denigran a los vulnerables, fomentan la cultura de la muerte o priorizan el individualismo\u201d y vigilar que se respeten los derechos fundamentales y como comunidad de fe, \u201cvigilar que se cumplan los principios de justicia, equidad y respeto que est\u00e1n en el coraz\u00f3n de la vida democr\u00e1tica.<\/p>\n\n\n\n<p>Urgieron a su comunidad a pedir que se siga usando el lenguaje de odio y la discriminaci\u00f3n, y que, en su lugar, \u201cse promueva un di\u00e1logo abierto y respetuoso. En particular, nos preocupa el discurso anti-inmigrante que ha caracterizado parte de la ret\u00f3rica de Trump\u201d.<\/p>\n\n\n\n<p>Recordaron que la migraci\u00f3n es un fen\u00f3meno complejo que requiere soluciones humanas y compasivas, y no no se debe ignorar el sufrimiento de aquellos que buscan un futuro mejor lejos de sus tierras natales.<\/p>\n\n\n\n<blockquote class=\"wp-block-quote is-layout-flow wp-block-quote-is-layout-flow\">\n<p>\u201cComo Arquidi\u00f3cesis de M\u00e9xico, expresamos nuestro deseo de que esta nueva administraci\u00f3n se rija bajo estos principios, promoviendo pol\u00edticas que beneficien a todos, especialmente a los m\u00e1s vulnerables, y que fomenten el respeto mutuo y la dignidad humana\u201d.<\/p>\n<\/blockquote>\n\n\n\n<p>Fuente: <a href=\"https:\/\/www.milenio.com\/politica\/comunidad\/arquidiocesis-mexico-llama-orar-mandato-trump\">Milenio<\/a><\/p>\n","protected":false},"excerpt":{"rendered":"<p>A unas horas de que inicie el nuevo mandato de Donald Trump al frente de los Estados Unidos, la Arquidi\u00f3cesis Primada de M\u00e9xico pidi\u00f3 a sus fieles y religiosos a orar por la nueva administraci\u00f3n del vecino pa\u00eds. En la editorial del semanario cat\u00f3lico Desde la Fe, el clero de la capital del pa\u00eds pidieron [&hellip;]<\/p>\n","protected":false},"author":6,"featured_media":170112,"comment_status":"open","ping_status":"open","sticky":false,"template":"","format":"standard","meta":{"_monsterinsights_skip_tracking":false,"_monsterinsights_sitenote_active":false,"_monsterinsights_sitenote_note":"","_monsterinsights_sitenote_category":0,"footnotes":""},"categories":[157],"tags":[528,229],"class_list":["post-170111","post","type-post","status-publish","format-standard","has-post-thumbnail","hentry","category-nacional","tag-arquidiocesis-primada-de-mexico","tag-trump","wp-image-borders"],"amp_enabled":true,"_links":{"self":[{"href":"https:\/\/nvnoticias.mx\/index.php\/wp-json\/wp\/v2\/posts\/170111","targetHints":{"allow":["GET"]}}],"collection":[{"href":"https:\/\/nvnoticias.mx\/index.php\/wp-json\/wp\/v2\/posts"}],"about":[{"href":"https:\/\/nvnoticias.mx\/index.php\/wp-json\/wp\/v2\/types\/post"}],"author":[{"embeddable":true,"href":"https:\/\/nvnoticias.mx\/index.php\/wp-json\/wp\/v2\/users\/6"}],"replies":[{"embeddable":true,"href":"https:\/\/nvnoticias.mx\/index.php\/wp-json\/wp\/v2\/comments?post=170111"}],"version-history":[{"count":1,"href":"https:\/\/nvnoticias.mx\/index.php\/wp-json\/wp\/v2\/posts\/170111\/revisions"}],"predecessor-version":[{"id":170113,"href":"https:\/\/nvnoticias.mx\/index.php\/wp-json\/wp\/v2\/posts\/170111\/revisions\/170113"}],"wp:featuredmedia":[{"embeddable":true,"href":"https:\/\/nvnoticias.mx\/index.php\/wp-json\/wp\/v2\/media\/170112"}],"wp:attachment":[{"href":"https:\/\/nvnoticias.mx\/index.php\/wp-json\/wp\/v2\/media?parent=170111"}],"wp:term":[{"taxonomy":"category","embeddable":true,"href":"https:\/\/nvnoticias.mx\/index.php\/wp-json\/wp\/v2\/categories?post=170111"},{"taxonomy":"post_tag","embeddable":true,"href":"https:\/\/nvnoticias.mx\/index.php\/wp-json\/wp\/v2\/tags?post=170111"}],"curies":[{"name":"wp","href":"https:\/\/api.w.org\/{rel}","templated":true}]}}