{"id":17010,"date":"2021-06-24T14:18:57","date_gmt":"2021-06-24T19:18:57","guid":{"rendered":"https:\/\/nvnoticias.mx\/?p=17010"},"modified":"2021-06-24T14:18:58","modified_gmt":"2021-06-24T19:18:58","slug":"capacitan-a-elementos-de-pc-y-bomberos-en-conduccion","status":"publish","type":"post","link":"https:\/\/nvnoticias.mx\/index.php\/2021\/06\/24\/capacitan-a-elementos-de-pc-y-bomberos-en-conduccion\/","title":{"rendered":"Capacitan a elementos de PC y Bomberos en conducci\u00f3n de veh\u00edculos de emergencia"},"content":{"rendered":"\n<p><strong>Julio Escobar<\/strong> <strong>\/ NV Noticias<\/strong><\/p>\n\n\n\n<p>Coatzacoalcos. \u2013 Elementos de Protecci\u00f3n Civil y Bomberos de Coatzacoalcos fueron capacitados y certificados en atenci\u00f3n pre hospitalaria en nivel b\u00e1sico y en conducci\u00f3n de veh\u00edculos de emergencia, que les permitir\u00e1 demostrar sus competencias y capacidades en el campo laboral.<\/p>\n\n\n\n<p>Alma Moreno Rubio, directora general del Centro de Capacitaci\u00f3n y Certificaci\u00f3n de Competencias Laborales, detall\u00f3 que el taller est\u00e1 acreditado por la \u201cRed Conocer\u201d, Est\u00e1ndares de Competencia 532 y 0302.<\/p>\n\n\n\n<blockquote class=\"wp-block-quote is-layout-flow wp-block-quote-is-layout-flow\"><p>\u201cLa mayor\u00eda de ellos no contaba con un documento oficial, el certificado lo emite directamente la SEP, ahora ya tienen un documento que acredita sus competencias y que les da m\u00e1s oportunidad de demostrar sus capacidades y de algunas mejoras laborales\u201d, explic\u00f3.<\/p><\/blockquote>\n\n\n\n<p>Fueron un total de 17 elementos de la corporaci\u00f3n que recibieron la capacitaci\u00f3n, en donde tambi\u00e9n reforzaron sus conocimientos en RCP, reanimaci\u00f3n y conducci\u00f3n para que puedan dar un mejor servicio a la poblaci\u00f3n.<\/p>\n\n\n\n<blockquote class=\"wp-block-quote is-layout-flow wp-block-quote-is-layout-flow\"><p>\u201cEllos tuvieron formaci\u00f3n y Actualizaci\u00f3n, tanto en RCP como en conducci\u00f3n para que puedan dar un mejor servicio a la poblaci\u00f3n, ten\u00edan buenas bases, solo se mejoraron, se actualizaron en protocolos de reanimaci\u00f3n, se les dieron mejores pr\u00e1cticas\u201d, coment\u00f3.<\/p><\/blockquote>\n\n\n\n<p>La entrevistada detall\u00f3 que los capacitadores est\u00e1n actualizados tanto en Normas Nacionales, como Internacionales, al igual que certificados como instructores y evaluadores, para desarrollar este tipo de actividades.<\/p>\n\n\n\n<p>El Centro de Capacitaci\u00f3n y Certificaci\u00f3n de Competencias Laborales cuenta con una sede base en la ciudad de M\u00e9xico, Coatzacoalcos, Monterrey, La Paz Baja California y Guadalajara Jalisco.<\/p>\n","protected":false},"excerpt":{"rendered":"<p>Julio Escobar \/ NV Noticias Coatzacoalcos. \u2013 Elementos de Protecci\u00f3n Civil y Bomberos de Coatzacoalcos fueron capacitados y certificados en atenci\u00f3n pre hospitalaria en nivel b\u00e1sico y en conducci\u00f3n de veh\u00edculos de emergencia, que les permitir\u00e1 demostrar sus competencias y capacidades en el campo laboral. Alma Moreno Rubio, directora general del Centro de Capacitaci\u00f3n y [&hellip;]<\/p>\n","protected":false},"author":6,"featured_media":17012,"comment_status":"open","ping_status":"open","sticky":false,"template":"","format":"standard","meta":{"_monsterinsights_skip_tracking":false,"_monsterinsights_sitenote_active":false,"_monsterinsights_sitenote_note":"","_monsterinsights_sitenote_category":0,"footnotes":""},"categories":[156],"tags":[2656,262,2257],"class_list":["post-17010","post","type-post","status-publish","format-standard","has-post-thumbnail","hentry","category-estado","tag-bomberos","tag-emergencia","tag-proteccion-civil","wp-image-borders"],"amp_enabled":true,"_links":{"self":[{"href":"https:\/\/nvnoticias.mx\/index.php\/wp-json\/wp\/v2\/posts\/17010","targetHints":{"allow":["GET"]}}],"collection":[{"href":"https:\/\/nvnoticias.mx\/index.php\/wp-json\/wp\/v2\/posts"}],"about":[{"href":"https:\/\/nvnoticias.mx\/index.php\/wp-json\/wp\/v2\/types\/post"}],"author":[{"embeddable":true,"href":"https:\/\/nvnoticias.mx\/index.php\/wp-json\/wp\/v2\/users\/6"}],"replies":[{"embeddable":true,"href":"https:\/\/nvnoticias.mx\/index.php\/wp-json\/wp\/v2\/comments?post=17010"}],"version-history":[{"count":1,"href":"https:\/\/nvnoticias.mx\/index.php\/wp-json\/wp\/v2\/posts\/17010\/revisions"}],"predecessor-version":[{"id":17011,"href":"https:\/\/nvnoticias.mx\/index.php\/wp-json\/wp\/v2\/posts\/17010\/revisions\/17011"}],"wp:featuredmedia":[{"embeddable":true,"href":"https:\/\/nvnoticias.mx\/index.php\/wp-json\/wp\/v2\/media\/17012"}],"wp:attachment":[{"href":"https:\/\/nvnoticias.mx\/index.php\/wp-json\/wp\/v2\/media?parent=17010"}],"wp:term":[{"taxonomy":"category","embeddable":true,"href":"https:\/\/nvnoticias.mx\/index.php\/wp-json\/wp\/v2\/categories?post=17010"},{"taxonomy":"post_tag","embeddable":true,"href":"https:\/\/nvnoticias.mx\/index.php\/wp-json\/wp\/v2\/tags?post=17010"}],"curies":[{"name":"wp","href":"https:\/\/api.w.org\/{rel}","templated":true}]}}