{"id":170040,"date":"2025-01-18T10:56:36","date_gmt":"2025-01-18T16:56:36","guid":{"rendered":"https:\/\/nvnoticias.mx\/?p=170040"},"modified":"2025-01-18T10:56:38","modified_gmt":"2025-01-18T16:56:38","slug":"cambios-en-delegaciones-federales-en-veracruz","status":"publish","type":"post","link":"https:\/\/nvnoticias.mx\/index.php\/2025\/01\/18\/cambios-en-delegaciones-federales-en-veracruz\/","title":{"rendered":"Cambios en delegaciones federales en Veracruz"},"content":{"rendered":"\n<p><\/p>\n\n\n\n<p>CAF\u00c9 DE MA\u00d1ANA<br><strong>Por Jos\u00e9 Luis Enr\u00edquez Ambell<\/strong><\/p>\n\n\n\n<p>Las representaciones del gobierno federal &#8211; delegaciones territoriales del gobierno de la rep\u00fablica &#8211; en el Estado de Veracruz, son poco m\u00e1s de 50 y aunque desde 2018 se les considera responsables administrativos por un mandato presidencial, para efectos del presupuesto que autoriza la SHCP previo aval del Congreso de la Uni\u00f3n, son responsables del universo de recursos asignados.<\/p>\n\n\n\n<p>Estas oficinas que en el caso concreto de nuestro estado, est\u00e1n ubicadas en Xalapa y la conurbaci\u00f3n de Boca del R\u00edo y Veracruz, y su funci\u00f3n es aplicar los programas y servicios federales e implementar los recursos asignados de acuerdo a la normativas que les corresponde, est\u00e1n por entrar a un proceso de nuevos nombramientos de titulares y quiz\u00e1, en los menos casos haya ratificaciones o promociones.<\/p>\n\n\n\n<p>Normalmente las delegaciones y\/o representaciones federales con sede en las entidades federativas est\u00e1n en la estructura de una Coordinaci\u00f3n General o \u00e1reas homologas con nivel de Direcci\u00f3n General normalmente en las Secretarias de Estado o similares, y tal como suele publicarse a trav\u00e9s del Diario Oficial de la Federaci\u00f3n, en su oportunidad, de tal suerte que la Gobernadora Nahle debe estar afinando el l\u00e1piz por acuerdos con la Presidenta Claudia Sheinbaum, para tales efectos en las semanas por venir, las acciones deben tener continuidad en la construcci\u00f3n del segundo piso de la transformaci\u00f3n mediante las dependencias federales en territorio jarocho con sus nuevos titulares.<\/p>\n\n\n\n<p>En el servicio p\u00fablico los delegados federales o representantes tienen en su conjunto de atribuciones la total aplicaci\u00f3n del presupuesto asignado para los servicios, programas y las acciones program\u00e1ticas del gobierno de la Rep\u00fablica, previo acuerdo por los superiores jer\u00e1rquicos y en este caso, con la Ingeniera Roc\u00edo Nahle.<\/p>\n\n\n\n<p>La Ley Org\u00e1nica de la Administraci\u00f3n P\u00fablica Federal establece que el titular del Poder Ejecutivo federal &#8211; la Presidenta Sheinbaum &#8211; contar\u00e1 en los estados con las delegaciones de en su universo legal e implementar\u00e1 los planes, programas y acciones para el desarrollo integral, las funciones de atenci\u00f3n ciudadana, la supervisi\u00f3n de los servicios y las obras a cargo de las dependencias y entidades p\u00fablicas, y la supervisi\u00f3n de las mismas, y que ejercen beneficios de manera directa a la poblaci\u00f3n, de conformidad con los lineamientos emitidos por las Secretarias de Estado y Entidades P\u00fablicas a su cargo.<\/p>\n\n\n\n<p>DE SOBREMESA<\/p>\n\n\n\n<p>En las representaciones del Bienestar y Asipona, ya han sido designados a sus titulares en d\u00edas y las semanas anteriores, incluso en el sector salud se sabe que valoran ajustes en el IMSS, regi\u00f3n sur y norte, y el ISSSTE con sede en Orizaba y Xalapa.<\/p>\n\n\n\n<p>En Xalapa est\u00e1n la mayor\u00eda de estas oficinas (GOBERNACI\u00d3N, CONAGUA, SICT, CFE, CONAFE, SRE, INFONAVIT, SEMARNAT, entre otras) y algunas en Veracruz Puerto (INM, FONACOT, PROFECO, CAPUFE, CONDUCEF, INAH, y algunas m\u00e1s, todas importantes en t\u00e9rminos de la atenci\u00f3n y necesidades de la poblaci\u00f3n en Veracruz desde el universo federalizado.<\/p>\n\n\n\n<p>UN CAF\u00c9 LECHERO LIGHT<\/p>\n\n\n\n<p>La movilidad en las delegaciones de la federaci\u00f3n en Veracruz, ampliar\u00e1 el universo objetivo de la Gobernadora Nahle Garc\u00eda dentro del periodo de los primeros 100 d\u00edas de su r\u00e9gimen, y as\u00ed estas rotaciones &#8211; sean ratificados o removidos los actuales &#8211; resultar\u00edan un hilo conductor para homogeneizar las acciones entre los gobiernos de la Rep\u00fablica y nuestro estado, bajo la propuesta y consentimiento de la Ingeniera Roc\u00edo, ante el acuerdo y aval de la Presidenta Sheinbaum.<\/p>\n\n\n\n<p>UN CAF\u00c9 CON DOBLE CARGA<\/p>\n\n\n\n<p>El desgaste natural de los delegados &#8211; mujeres y hombres &#8211; en tiempo del r\u00e9gimen estatal pasado, demanda ahora nuevos aires y ser\u00e1n pocos los que resulten ratificados y promovidos, y en su mayor\u00eda se vislumbran nuevas y nuevos servidores p\u00fablicos quienes asuman esta responsabilidad federal, y es que la din\u00e1mica con una m\u00edstica renovada siempre resulta favorable para la poblaci\u00f3n.<\/p>\n\n\n\n<p>UN CAF\u00c9 CON PIQUETE<\/p>\n\n\n\n<p>Los cambios previstos con el cambio de administraci\u00f3n en el pa\u00eds y en el estado, hace suponer que los perfiles<br>con sentido social y promoci\u00f3n de la participaci\u00f3n ciudadana, destacar\u00eda en los nuevos servidores p\u00fablicos &#8211; mujeres y hombres &#8211; que sientan la emoci\u00f3n por entregar todo su tiempo, esfuerzo y capacidades en favor de las instituciones y la poblaci\u00f3n, &#8220;por Amor a Veracruz&#8221;.<\/p>\n\n\n\n<p>\u00a1ES CUANTO!<\/p>\n\n\n\n<p>enriquezambell@gmail.com;<br>enamjl62@gmail.com<\/p>\n","protected":false},"excerpt":{"rendered":"<p>CAF\u00c9 DE MA\u00d1ANAPor Jos\u00e9 Luis Enr\u00edquez Ambell Las representaciones del gobierno federal &#8211; delegaciones territoriales del gobierno de la rep\u00fablica &#8211; en el Estado de Veracruz, son poco m\u00e1s de 50 y aunque desde 2018 se les considera responsables administrativos por un mandato presidencial, para efectos del presupuesto que autoriza la SHCP previo aval del [&hellip;]<\/p>\n","protected":false},"author":46,"featured_media":170041,"comment_status":"open","ping_status":"open","sticky":false,"template":"","format":"standard","meta":{"_monsterinsights_skip_tracking":false,"_monsterinsights_sitenote_active":false,"_monsterinsights_sitenote_note":"","_monsterinsights_sitenote_category":0,"footnotes":""},"categories":[18007],"tags":[18008],"class_list":["post-170040","post","type-post","status-publish","format-standard","has-post-thumbnail","hentry","category-cafe-de-manana","tag-jose-luis-enriquez-ambell","wp-image-borders"],"amp_enabled":true,"_links":{"self":[{"href":"https:\/\/nvnoticias.mx\/index.php\/wp-json\/wp\/v2\/posts\/170040","targetHints":{"allow":["GET"]}}],"collection":[{"href":"https:\/\/nvnoticias.mx\/index.php\/wp-json\/wp\/v2\/posts"}],"about":[{"href":"https:\/\/nvnoticias.mx\/index.php\/wp-json\/wp\/v2\/types\/post"}],"author":[{"embeddable":true,"href":"https:\/\/nvnoticias.mx\/index.php\/wp-json\/wp\/v2\/users\/46"}],"replies":[{"embeddable":true,"href":"https:\/\/nvnoticias.mx\/index.php\/wp-json\/wp\/v2\/comments?post=170040"}],"version-history":[{"count":1,"href":"https:\/\/nvnoticias.mx\/index.php\/wp-json\/wp\/v2\/posts\/170040\/revisions"}],"predecessor-version":[{"id":170042,"href":"https:\/\/nvnoticias.mx\/index.php\/wp-json\/wp\/v2\/posts\/170040\/revisions\/170042"}],"wp:featuredmedia":[{"embeddable":true,"href":"https:\/\/nvnoticias.mx\/index.php\/wp-json\/wp\/v2\/media\/170041"}],"wp:attachment":[{"href":"https:\/\/nvnoticias.mx\/index.php\/wp-json\/wp\/v2\/media?parent=170040"}],"wp:term":[{"taxonomy":"category","embeddable":true,"href":"https:\/\/nvnoticias.mx\/index.php\/wp-json\/wp\/v2\/categories?post=170040"},{"taxonomy":"post_tag","embeddable":true,"href":"https:\/\/nvnoticias.mx\/index.php\/wp-json\/wp\/v2\/tags?post=170040"}],"curies":[{"name":"wp","href":"https:\/\/api.w.org\/{rel}","templated":true}]}}