{"id":170034,"date":"2025-01-18T10:10:01","date_gmt":"2025-01-18T16:10:01","guid":{"rendered":"https:\/\/nvnoticias.mx\/?p=170034"},"modified":"2025-01-18T10:10:03","modified_gmt":"2025-01-18T16:10:03","slug":"rocio-nahle-y-el-sur-de-veracruz","status":"publish","type":"post","link":"https:\/\/nvnoticias.mx\/index.php\/2025\/01\/18\/rocio-nahle-y-el-sur-de-veracruz\/","title":{"rendered":"Roc\u00edo Nahle y el sur de Veracruz"},"content":{"rendered":"\n<p><\/p>\n\n\n\n<p><strong>Ricardo Chua<\/strong><\/p>\n\n\n\n<p> Sin duda, la zona sur de Veracruz, en donde es m\u00e1s fuerte su presencia pol\u00edtica.. La hoy gobernadora, Roc\u00edo Nahle Garc\u00eda tiene un fuerte compromiso con la tierra que la adopt\u00f3 cuando lleg\u00f3 a la entidad.. Y tambi\u00e9n porque fue la regi\u00f3n del Estado que m\u00e1s votos le dio, el pasado 2 de junio del 2024 en la elecci\u00f3n a Gobernador.. Ah\u00ed les tendr\u00e1 que cumplir con lo que piden sus habitantes como es la seguridad.. Reactivaci\u00f3n econ\u00f3mica de Pemex-Petroqu\u00edmica.. El sector salud y campo ganadero..<\/p>\n\n\n\n<p>De hacerlo tambi\u00e9n Nahle se &#8220;echar\u00eda a la bolsa&#8221; a esa poblaci\u00f3n de aquella parte de la entidad.. Que desde los a\u00f1os 80&#8217;s cuando acab\u00f3 el &#8220;boom&#8221; petrolero, se fue sumiendo en una crisis econ\u00f3mica que tiene a Coatzacoalcos.. Casi como un &#8220;pueblo fantasma&#8221;, algo que a Cuitl\u00e1huac Garc\u00eda nunca import\u00f3 sacarlo de ese atraso y as\u00ed lo dej\u00f3 para que se fuera cayendo cada d\u00eda m\u00e1s.. Ahora la responsabilidad es de la gobernadora.. Que ah\u00ed creci\u00f3 profesionalmente y que hasta el 2018 fue el municipio que habit\u00f3..<\/p>\n\n\n\n<p>Para nadie es un secreto que Coatzacoalcos junto con Minatitl\u00e1n y municipios hasta Acayucan tienen un grave problema de inseguridad y que por eso muchos de sus habitantes.. Han emigrado a otros sitios del estado o el pa\u00eds, huyendo de la violencia.. Lo volvemos a repetir.. Parecen &#8220;Pueblos Fantasmas&#8221;&#8230;Ni en la pasada \u00e9poca navide\u00f1a se vio lleno estos municipios como hace 3 d\u00e9cadas lo estaban.. As\u00ed que ahora el gobierno del Estado no tendr\u00e1 excusa para no otorgarle a su poblaci\u00f3n esa seguridad que piden.. La gobernadora es de ah\u00ed..<\/p>\n\n\n\n<p>El otro tema pendiente para Roc\u00edo Nahle ser\u00eda la reactivaci\u00f3n econ\u00f3mica de la industria petrolera y petroqu\u00edmica de la regi\u00f3n.. Se sabe que antes de tomar posesi\u00f3n como gobernadora, ya en el gobierno federal de Claudia Sheinbaum.. Roc\u00edo Nahle se reuni\u00f3 m\u00e1s de 3 de veces con autoridades de la Secretar\u00eda de Energ\u00eda y Pemex para ver la manera de sacar del atraso econ\u00f3mico que tiene la zona por el poco desarrollo de esta industria.. Ese ser\u00e1 su principal &#8220;H\u00e1ndicap&#8221;.. Ya que la gobernadora estuvo en SENER.. Y ella conoce todo ese problema..<\/p>\n\n\n\n<p>Del sector salud es el problema m\u00e1s grave que tiene la poblaci\u00f3n de aquella regi\u00f3n.. Los hospitales p\u00fablicos de la zona son los peores junto con los que hay en la zona norte de Veracruz.. El desabasto de medicamentos, falta de insumos, m\u00e9dicos y todo lo relacionado con el sector salud.. Est\u00e1 provocando serios da\u00f1os a la sociedad veracruzana que no tiene el dinero para pagar un seguro m\u00e9dico.. Que es la gran mayor\u00eda.. Ah\u00ed Nahle tendr\u00e1 que echarse ese problema a cuestas para resolverlo.. Los reclamos son graves por parte de la poblaci\u00f3n..<\/p>\n\n\n\n<p>Por \u00faltimo, tendr\u00e1 que reactivar el sector ganadero de la zona sur.. Que es la m\u00e1s afectada por el tema del gusano barrenador de ganado.. Adem\u00e1s que desde hace a\u00f1os est\u00e1 clasificada como zona B y no pod\u00eda exportar a sus animales a los Estados Unidos.. Roc\u00edo Nahle anunci\u00f3 en Acayucan un programa para sacar a este sector de los conflictos que tiene.. Habr\u00e1 que ver como lo pone en marcha y ayuda a este sector primario.. Si lo hace seguro las otras zonas ganaderas de la entidad lo har\u00e1n.. Y ella habr\u00e1 cumplido con este sector..<\/p>\n\n\n\n<p>REFLEXI\u00d3N.. La zona sur de Veracruz.. La tierra adoptiva de Roc\u00edo Nahle, es su principal &#8220;h\u00e1ndicap&#8221; para empezar a resolver los problemas que aquejan a Veracruz. Que se puede decir son las mismas en todas las regiones econ\u00f3micas que conforman en la entidad.. Pero por algo tiene que empezar la gobernadora para que se vea que su administraci\u00f3n est\u00e1 dando resultados.. Y qu\u00e9 mejor de que esta zona fuera el sur del Estado.. Una zona que conoce y le reconoci\u00f3 con votos a Roc\u00edo Nahle.. Est\u00e1 en sus manos ese merecimiento.. AMEN..<\/p>\n","protected":false},"excerpt":{"rendered":"<p>Ricardo Chua Sin duda, la zona sur de Veracruz, en donde es m\u00e1s fuerte su presencia pol\u00edtica.. La hoy gobernadora, Roc\u00edo Nahle Garc\u00eda tiene un fuerte compromiso con la tierra que la adopt\u00f3 cuando lleg\u00f3 a la entidad.. Y tambi\u00e9n porque fue la regi\u00f3n del Estado que m\u00e1s votos le dio, el pasado 2 de [&hellip;]<\/p>\n","protected":false},"author":29,"featured_media":170035,"comment_status":"open","ping_status":"open","sticky":false,"template":"","format":"standard","meta":{"_monsterinsights_skip_tracking":false,"_monsterinsights_sitenote_active":false,"_monsterinsights_sitenote_note":"","_monsterinsights_sitenote_category":0,"footnotes":""},"categories":[245],"tags":[327],"class_list":["post-170034","post","type-post","status-publish","format-standard","has-post-thumbnail","hentry","category-dialogos-de-poder","tag-ricardo-chua","wp-image-borders"],"amp_enabled":true,"_links":{"self":[{"href":"https:\/\/nvnoticias.mx\/index.php\/wp-json\/wp\/v2\/posts\/170034","targetHints":{"allow":["GET"]}}],"collection":[{"href":"https:\/\/nvnoticias.mx\/index.php\/wp-json\/wp\/v2\/posts"}],"about":[{"href":"https:\/\/nvnoticias.mx\/index.php\/wp-json\/wp\/v2\/types\/post"}],"author":[{"embeddable":true,"href":"https:\/\/nvnoticias.mx\/index.php\/wp-json\/wp\/v2\/users\/29"}],"replies":[{"embeddable":true,"href":"https:\/\/nvnoticias.mx\/index.php\/wp-json\/wp\/v2\/comments?post=170034"}],"version-history":[{"count":1,"href":"https:\/\/nvnoticias.mx\/index.php\/wp-json\/wp\/v2\/posts\/170034\/revisions"}],"predecessor-version":[{"id":170036,"href":"https:\/\/nvnoticias.mx\/index.php\/wp-json\/wp\/v2\/posts\/170034\/revisions\/170036"}],"wp:featuredmedia":[{"embeddable":true,"href":"https:\/\/nvnoticias.mx\/index.php\/wp-json\/wp\/v2\/media\/170035"}],"wp:attachment":[{"href":"https:\/\/nvnoticias.mx\/index.php\/wp-json\/wp\/v2\/media?parent=170034"}],"wp:term":[{"taxonomy":"category","embeddable":true,"href":"https:\/\/nvnoticias.mx\/index.php\/wp-json\/wp\/v2\/categories?post=170034"},{"taxonomy":"post_tag","embeddable":true,"href":"https:\/\/nvnoticias.mx\/index.php\/wp-json\/wp\/v2\/tags?post=170034"}],"curies":[{"name":"wp","href":"https:\/\/api.w.org\/{rel}","templated":true}]}}