{"id":169878,"date":"2025-01-16T13:42:13","date_gmt":"2025-01-16T19:42:13","guid":{"rendered":"https:\/\/nvnoticias.mx\/?p=169878"},"modified":"2025-01-16T13:42:14","modified_gmt":"2025-01-16T19:42:14","slug":"el-director-de-emilia-perez-pidio-una-disculpa-publica-a-la-audiencia-mexicana","status":"publish","type":"post","link":"https:\/\/nvnoticias.mx\/index.php\/2025\/01\/16\/el-director-de-emilia-perez-pidio-una-disculpa-publica-a-la-audiencia-mexicana\/","title":{"rendered":"El director de \u201cEmilia Perez\u201d pidi\u00f3 una disculpa p\u00fablica a la audiencia mexicana"},"content":{"rendered":"\n<p>La pel\u00edcula\u00a0<em>Emilia P\u00e9rez<\/em>, dirigida por el cineasta franc\u00e9s<strong>\u00a0Jacques Audiard<\/strong>, ha generado un intenso debate desde su estreno en el Festival de Cannes. Aunque recibi\u00f3 elogios internacionales por su trama y actuaciones, la realidad es que en M\u00e9xico la cinta ha sido duramente criticada por su pol\u00e9mica representaci\u00f3n de las situaciones que aquejan a la poblaci\u00f3n como el narcotr\u00e1fico y las desapariciones forzadas, cuestiones que han marcado profundamente al pa\u00eds.<a href=\"https:\/\/www.infobae.com\/entretenimiento\/2025\/01\/15\/karla-sofia-gascon-y-su-curiosa-relacion-con-los-gatos\/\" target=\"_blank\" rel=\"noreferrer noopener\"><\/a><\/p>\n\n\n\n<p><\/p>\n\n\n\n<p>Protagonizada por&nbsp;<strong>Karla Sof\u00eda Gasc\u00f3n<\/strong>,&nbsp;<strong>Zoe Salda\u00f1a<\/strong>&nbsp;y&nbsp;<strong>Selena Gomez<\/strong>, el filme cuenta la historia de un narcotraficante que busca realizar su cambio de g\u00e9nero con la ayuda de una abogada, para salir del contexto violento que lo rodea.<\/p>\n\n\n\n<p>Tanto los espectadores como los cr\u00edticos mexicanos han calificado a la pel\u00edcula de insensible y carente de autenticidad, se\u00f1alando que no incluye actores ni realizadores locales. Adem\u00e1s, se han cuestionado aspectos como el uso de acentos inveros\u00edmiles y un tratamiento superficial de los temas abordados.<\/p>\n\n\n\n<p>En respuesta a los malos comentarios,<strong>&nbsp;Jacques Audiard<\/strong>&nbsp;ofreci\u00f3 disculpas durante la conferencia de prensa de la premiere en Ciudad de M\u00e9xico, la cual se llev\u00f3 a cabo este 15 de enero de 2025.<\/p>\n\n\n\n<p>\u201cAbord\u00e9 el tema con prudencia y reflexi\u00f3n. Si ustedes ven la pel\u00edcula no se enterar\u00e1n de nada nuevo y hasta les parecer\u00e1 que estoy sobrevolando esta cuesti\u00f3n, y&nbsp;<strong>si les parece que lo hago con demasiada ligereza,<\/strong>&nbsp;<strong>les ofrezco una disculpa<\/strong>\u201d, declar\u00f3.<\/p>\n\n\n\n<p>Fuente: <a href=\"https:\/\/www.infobae.com\/entretenimiento\/2025\/01\/16\/el-director-de-emilia-perez-pidio-una-disculpa-publica-a-la-audiencia-mexicana\/\">Infobae<\/a><\/p>\n\n\n\n<p><a href=\"https:\/\/www.infobae.com\/entretenimiento\/2025\/01\/16\/leonardo-dicaprio-dono-un-millon-de-dolares-para-ayudar-a-los-afectados-por-los-incendios-en-los-angeles\/\" target=\"_blank\" rel=\"noreferrer noopener\"><\/a><\/p>\n","protected":false},"excerpt":{"rendered":"<p>La pel\u00edcula\u00a0Emilia P\u00e9rez, dirigida por el cineasta franc\u00e9s\u00a0Jacques Audiard, ha generado un intenso debate desde su estreno en el Festival de Cannes. Aunque recibi\u00f3 elogios internacionales por su trama y actuaciones, la realidad es que en M\u00e9xico la cinta ha sido duramente criticada por su pol\u00e9mica representaci\u00f3n de las situaciones que aquejan a la poblaci\u00f3n [&hellip;]<\/p>\n","protected":false},"author":35,"featured_media":169882,"comment_status":"open","ping_status":"open","sticky":false,"template":"","format":"standard","meta":{"_monsterinsights_skip_tracking":false,"_monsterinsights_sitenote_active":false,"_monsterinsights_sitenote_note":"","_monsterinsights_sitenote_category":0,"footnotes":""},"categories":[576],"tags":[7046,30067],"class_list":["post-169878","post","type-post","status-publish","format-standard","has-post-thumbnail","hentry","category-ocio","tag-director","tag-emilia-perez","wp-image-borders"],"amp_enabled":true,"_links":{"self":[{"href":"https:\/\/nvnoticias.mx\/index.php\/wp-json\/wp\/v2\/posts\/169878","targetHints":{"allow":["GET"]}}],"collection":[{"href":"https:\/\/nvnoticias.mx\/index.php\/wp-json\/wp\/v2\/posts"}],"about":[{"href":"https:\/\/nvnoticias.mx\/index.php\/wp-json\/wp\/v2\/types\/post"}],"author":[{"embeddable":true,"href":"https:\/\/nvnoticias.mx\/index.php\/wp-json\/wp\/v2\/users\/35"}],"replies":[{"embeddable":true,"href":"https:\/\/nvnoticias.mx\/index.php\/wp-json\/wp\/v2\/comments?post=169878"}],"version-history":[{"count":4,"href":"https:\/\/nvnoticias.mx\/index.php\/wp-json\/wp\/v2\/posts\/169878\/revisions"}],"predecessor-version":[{"id":169883,"href":"https:\/\/nvnoticias.mx\/index.php\/wp-json\/wp\/v2\/posts\/169878\/revisions\/169883"}],"wp:featuredmedia":[{"embeddable":true,"href":"https:\/\/nvnoticias.mx\/index.php\/wp-json\/wp\/v2\/media\/169882"}],"wp:attachment":[{"href":"https:\/\/nvnoticias.mx\/index.php\/wp-json\/wp\/v2\/media?parent=169878"}],"wp:term":[{"taxonomy":"category","embeddable":true,"href":"https:\/\/nvnoticias.mx\/index.php\/wp-json\/wp\/v2\/categories?post=169878"},{"taxonomy":"post_tag","embeddable":true,"href":"https:\/\/nvnoticias.mx\/index.php\/wp-json\/wp\/v2\/tags?post=169878"}],"curies":[{"name":"wp","href":"https:\/\/api.w.org\/{rel}","templated":true}]}}