{"id":16978,"date":"2021-06-24T09:57:25","date_gmt":"2021-06-24T14:57:25","guid":{"rendered":"https:\/\/nvnoticias.mx\/?p=16978"},"modified":"2021-06-24T09:57:27","modified_gmt":"2021-06-24T14:57:27","slug":"la-tragedia-chilanga","status":"publish","type":"post","link":"https:\/\/nvnoticias.mx\/index.php\/2021\/06\/24\/la-tragedia-chilanga\/","title":{"rendered":"La tragedia chilanga"},"content":{"rendered":"\n<blockquote class=\"wp-block-quote has-text-align-right is-layout-flow wp-block-quote-is-layout-flow\"><p><em>Lo que define a un tipo de hombres no es su religi\u00f3n<\/em> <em>ni su t\u00e9cnica ni nada, sino su derecho.<\/em><\/p><cite><strong>\u00a0\u00a0\u00a0\u00a0\u00a0\u00a0\u00a0\u00a0\u00a0\u00a0\u00a0\u00a0\u00a0\u00a0\u00a0 Marcel Mauss<\/strong><\/cite><\/blockquote>\n\n\n\n<p>\u00bfPor qu\u00e9 en la entrega anual de los premios Nobel no se incluye la materia jur\u00eddica? \u00bfPor qu\u00e9 no se premia a un jurista por una buena iniciativa de ley o a un juez por emitir una buena sentencia o a un abogado por defender un caso justo? Una posible respuesta es que el derecho no se inventa, se descubre. Me atrever\u00eda a decir que, as\u00ed como el idioma, es algo que se va cuajando lentamente en la sociedad, haci\u00e9ndose h\u00e1bito y costumbre. Adem\u00e1s, cumplirlo o hacerlo cumplir es un deber. No hay nada de heroico ni de excepcional. Al final de cuentas, la normalidad es la que genera su normatividad.<\/p>\n\n\n\n<p>Nuestro caso es distinto. Hemos hecho leyes pensando en los ideales y soslayando los hechos. So\u00f1amos con la Constituci\u00f3n. Por eso, nuestros ordenamientos son abigarrados, confusos, tortuosos, contradictorios y casu\u00edsticos, adem\u00e1s de tener un notorio d\u00e9ficit de sentido com\u00fan. Resulta dif\u00edcil creer que as\u00ed seamos los mexicanos, pero sin duda constituye un factor sustancial de nuestra cultura.<\/p>\n\n\n\n<p>Un buen ejemplo es la reforma pol\u00edtica en la Ciudad de M\u00e9xico. Tuve diversos cargos en el gobierno del entonces Distrito Federal. He sido testigo de su evoluci\u00f3n y he percibido un persistente deterioro en su gobernabilidad y en su gobernanza, en perjuicio de sus habitantes.<\/p>\n\n\n\n<p>En 1928 se le concibi\u00f3 como Distrito Federal, bajo la responsabilidad del presidente de la Rep\u00fablica (en ese entonces, Plutarco El\u00edas Calles), quien a su vez la delegaba en un jefe de Gobierno denominado regente. Cometo una herej\u00eda. Con ese m\u00e9todo, la designaci\u00f3n recay\u00f3 en personajes de cualidades pol\u00edticas muchas veces superiores a los que han arribado en los a\u00f1os recientes en un aparente proceso democr\u00e1tico. Nadie en su sano juicio podr\u00eda afirmar que a Claudia Sheinbaum la eligieron los ciudadanos y no el&nbsp;dedazo&nbsp;de L\u00f3pez Obrador.<\/p>\n\n\n\n<p>De 1928 a 1997 hubo continuidad en los gobiernos. El cambio democr\u00e1tico fue un punto de disrupci\u00f3n de acuerdo con una arraigada mentalidad de que, al arribar a un cargo, hay que desechar todo lo anterior y empezar de cero. El viejo complejo ad\u00e1nico de \u201cconmigo inicia la historia\u201d. Desde el gobierno de Cuauht\u00e9moc C\u00e1rdenas se empez\u00f3 a desmantelar la Comisi\u00f3n de Vialidad y Transporte Urbano del D.F., que cada sexenio mejoraba el Sistema de Transporte Colectivo y agregaba nuevas l\u00edneas al Metro. Adem\u00e1s de los ejes viales.<\/p>\n\n\n\n<p>En el gobierno de Luis Echeverr\u00eda se crearon las delegaciones. Sus titulares eran nombrados por el presidente, a propuesta del regente. Me toc\u00f3 ser uno de ellos en la administraci\u00f3n de Carlos Hank Gonz\u00e1lez. Todos los lunes nos reun\u00edamos con los m\u00e1s altos funcionarios del gobierno de la ciudad. Fui testigo de muchas renuncias, sin mayores tr\u00e1mites, por negligencia o corrupci\u00f3n. Hoy, cada alcald\u00eda puede ser identificada por el grupo o el jefe que la maneja. Los niveles de descomposici\u00f3n son escandalosos y el deterioro de los servicios es palpable. La impunidad campea.<\/p>\n\n\n\n<p>La Asamblea Legislativa ha sido un gasto in\u00fatil. Me gustar\u00eda que alguien me mencionara alguna aportaci\u00f3n que justifique su existencia. \u00bfAlguien recuerda la Constituci\u00f3n de la CDMX que elabor\u00f3 una asamblea constituyente y que en su momento fue objeto de severas cr\u00edticas?<\/p>\n\n\n\n<p>Hemos sobrevalorado la democracia. Se desarticul\u00f3 el gobierno de una ciudad y se resquebraj\u00f3 la l\u00ednea de mando. Me asombra la reciente reuni\u00f3n de un grupo de alcaldes de oposici\u00f3n dispuestos a formar un frente com\u00fan contra la jefa de Gobierno.<\/p>\n\n\n\n<p>Soy enemigo de la centralizaci\u00f3n del poder, pero con el mismo fervor me opongo a la descentralizaci\u00f3n desordenada, que resulta peor. A\u00fan no consolidamos nuestra democracia representativa y ya deseamos implantar una democracia directa. No es tan s\u00f3lo un problema nuestro, con la globalizaci\u00f3n y los recientes acontecimientos, la agenda pol\u00edtica es otra. Sin embargo, revisemos con m\u00e1s responsabilidad nuestra tarea. Cambiar por cambiar puede ser suicida.<\/p>\n\n\n\n<p><\/p>\n","protected":false},"excerpt":{"rendered":"<p>Lo que define a un tipo de hombres no es su religi\u00f3n ni su t\u00e9cnica ni nada, sino su derecho. \u00a0\u00a0\u00a0\u00a0\u00a0\u00a0\u00a0\u00a0\u00a0\u00a0\u00a0\u00a0\u00a0\u00a0\u00a0 Marcel Mauss \u00bfPor qu\u00e9 en la entrega anual de los premios Nobel no se incluye la materia jur\u00eddica? \u00bfPor qu\u00e9 no se premia a un jurista por una buena iniciativa de ley o a [&hellip;]<\/p>\n","protected":false},"author":17,"featured_media":8892,"comment_status":"open","ping_status":"open","sticky":false,"template":"","format":"standard","meta":{"_monsterinsights_skip_tracking":false,"_monsterinsights_sitenote_active":false,"_monsterinsights_sitenote_note":"","_monsterinsights_sitenote_category":0,"footnotes":""},"categories":[614],"tags":[397],"class_list":["post-16978","post","type-post","status-publish","format-standard","has-post-thumbnail","hentry","category-politica-de-principios","tag-juan-jose-rodriguez-prats-2","wp-image-borders"],"amp_enabled":true,"_links":{"self":[{"href":"https:\/\/nvnoticias.mx\/index.php\/wp-json\/wp\/v2\/posts\/16978","targetHints":{"allow":["GET"]}}],"collection":[{"href":"https:\/\/nvnoticias.mx\/index.php\/wp-json\/wp\/v2\/posts"}],"about":[{"href":"https:\/\/nvnoticias.mx\/index.php\/wp-json\/wp\/v2\/types\/post"}],"author":[{"embeddable":true,"href":"https:\/\/nvnoticias.mx\/index.php\/wp-json\/wp\/v2\/users\/17"}],"replies":[{"embeddable":true,"href":"https:\/\/nvnoticias.mx\/index.php\/wp-json\/wp\/v2\/comments?post=16978"}],"version-history":[{"count":1,"href":"https:\/\/nvnoticias.mx\/index.php\/wp-json\/wp\/v2\/posts\/16978\/revisions"}],"predecessor-version":[{"id":16979,"href":"https:\/\/nvnoticias.mx\/index.php\/wp-json\/wp\/v2\/posts\/16978\/revisions\/16979"}],"wp:featuredmedia":[{"embeddable":true,"href":"https:\/\/nvnoticias.mx\/index.php\/wp-json\/wp\/v2\/media\/8892"}],"wp:attachment":[{"href":"https:\/\/nvnoticias.mx\/index.php\/wp-json\/wp\/v2\/media?parent=16978"}],"wp:term":[{"taxonomy":"category","embeddable":true,"href":"https:\/\/nvnoticias.mx\/index.php\/wp-json\/wp\/v2\/categories?post=16978"},{"taxonomy":"post_tag","embeddable":true,"href":"https:\/\/nvnoticias.mx\/index.php\/wp-json\/wp\/v2\/tags?post=16978"}],"curies":[{"name":"wp","href":"https:\/\/api.w.org\/{rel}","templated":true}]}}