{"id":169742,"date":"2025-01-15T09:21:44","date_gmt":"2025-01-15T15:21:44","guid":{"rendered":"https:\/\/nvnoticias.mx\/?p=169742"},"modified":"2025-01-15T09:21:45","modified_gmt":"2025-01-15T15:21:45","slug":"pepe-yunes-va-por-perote","status":"publish","type":"post","link":"https:\/\/nvnoticias.mx\/index.php\/2025\/01\/15\/pepe-yunes-va-por-perote\/","title":{"rendered":"Pepe Yunes, \u00bfva por Perote?"},"content":{"rendered":"\n<p><strong>Ricardo Chua<\/strong><\/p>\n\n\n\n<p> En los c\u00edrculos pol\u00edticos de Xalapa y Perote se ha escuchado fuerte la versi\u00f3n.. De que el ex candidato a gobernador por el PRI y uno de los pol\u00edticos priistas m\u00e1s serios y queridos de la entidad veracruzana, Jos\u00e9 Francisco Yunes Zorrilla, podr\u00eda regresar a gobernar a su amado municipio de Perote.. Pepe Yunes, ha sido candidato a gobernador dos veces, en circunstancias muy adversas.. Y en este momento, no hay pol\u00edtico de oposici\u00f3n en Veracruz que se le compare.. Su persona tiene m\u00e1s simpatizantes que el PRI y el PAN juntos..<\/p>\n\n\n\n<p>Sin embargo, algunos priistas se\u00f1alan que si Pepe Yunes volver\u00eda a gobernar el municipio de Perote, por segunda ocasi\u00f3n, la primera vez fue del 1997-2000.. Estaba muy joven, no cumpl\u00eda los 30 a\u00f1os, pero dej\u00f3 buen sabor de boca y mucha gente lo recuerda.. Tanto as\u00ed que desde ah\u00ed apuntal\u00f3 su carrera pol\u00edtica hasta ser diputado local, dirigente estatal del PRI, diputado federal y senador.. Adem\u00e1s de ser dos veces candidato a gobernador.. Perote fue su punto de despegue y ahora puede ser el punto del nuevo inicio de una oposici\u00f3n real en Veracruz..<\/p>\n\n\n\n<p>Pepe Yunes tiene el carisma y la fuerza pol\u00edtica para aglutinar a la oposici\u00f3n en Veracruz.. Como un alcalde modelo a seguir.. Pero sobre todo que sea un l\u00edder natural de alcaldes opositores (Los pocos que ganen) porque la &#8220;barredora&#8221; de MORENA estar\u00e1 muy fuerte en 2025.. Sin embargo, a diferencia de muchos municipios en la entidad.. Los &#8220;gallos&#8221; para la alcald\u00eda por ese Perote, no tienen muchos &#8220;espolones&#8221; y un candidato como Pepe Yunes con el PRI o por cualquier otro partido.. Los &#8220;barre&#8221; sin problema alguno.. Como podr\u00eda pasar en Boca del R\u00edo con Marijose Gamboa por el PAN..<\/p>\n\n\n\n<p>Son pocos los sitios donde la oposici\u00f3n podr\u00eda tener la oportunidad de ganar y uno de ellos, a parte de Boca del R\u00edo, ser\u00eda el municipio de Perote.. Si es que llevan a Pepe Yunes de candidato por el PRI o PAN.. No hay candidato de MORENA en esa ciudad, que se pueda comparar pol\u00edticamente con \u00e9l.. Adri\u00e1n Gonz\u00e1lez Naveda gan\u00f3 el distrito por otras cuestiones pol\u00edticas.. Pero ahora las condiciones son distintas.. Y como en MORENA se est\u00e1n &#8220;despedazando&#8221; la oportunidad ser\u00eda \u00fanica en esta ciudad.. Que ahora est\u00e1 m\u00e1s fr\u00eda que nunca..<\/p>\n\n\n\n<p>Muchos dir\u00e1n que para Pepe Yunes ya el ayuntamiento de Perote ser\u00eda muy &#8220;poca cosa&#8221; despu\u00e9s de los cargos que tuvo.. Y de las relaciones pol\u00edticas que form\u00f3 desde que sali\u00f3 de la alcald\u00eda hac\u00eda la capital de Veracruz y la CDMX.. Pero el volver a este lugar, puede ser el inicio de nuevo una carrera que puede impulsarse en Veracruz desde una visi\u00f3n distinta de MORENA.. Y pol\u00edticamente, el perote\u00f1o tiene la calidad moral para ser un l\u00edder opositor desde un gobierno en Veracruz.. No necesita ser l\u00edder de un partido pol\u00edtico.. Si es alcalde de Perote desde ah\u00ed puede tener esa presencia pol\u00edtica..<\/p>\n\n\n\n<p>REFLEXI\u00d3N.. En Veracruz, no hay pol\u00edtico opositor y de MORENA que sea RESPETADO como Pepe Yunes.. Su liderazgo es real.. En el peor momento del PRI y PAN, logr\u00f3 llevarlos al mill\u00f3n de votos en 2024.. En una elecci\u00f3n donde Andr\u00e9s Manuel L\u00f3pez Obrador hizo todo lo necesario para que ganara su partido.. Y as\u00ed fue.. Pero ahora todo puede volver al origen y desde ah\u00ed crear un movimiento opositor que se fortalezca en 2027 y 2030.. A lo mejor no con \u00e9l encabezando, pero si detr\u00e1s organiz\u00e1ndolo..Pepe Yunes tiene la \u00faltima palabra.. AMEN..<\/p>\n\n\n\n<p>DIPUTADOS Y CANDIDATOS EN VERACRUZ.. Hay fuertes versiones en MORENA Veracruz.. Que hay diputados locales que apenas cumplieron un dos meses de que tomaron protesta en el Congreso del Estado y ya quieren irse a &#8220;embarcar&#8221; en una nueva &#8220;aventura&#8221; pol\u00edtica.. Quieren ser los candidatos a las alcald\u00edas de los 212 municipios de Veracruz por los partidos que forman la 4T, que son MORENA, PVEM y PT.. Para de esa manera, lograr gobernar su &#8220;terru\u00f1o&#8221;..<\/p>\n\n\n\n<p>Cabe hacer menci\u00f3n de que son 41 curules de los 50 que hay en esta Legislatura del Estado, que son de MORENA-PVEM-PT.. Lo cual genera que se tengan mayor\u00eda calificada en ese recinto.. Por eso, se volvieron una &#8220;aplanadora&#8221; en el poder legislativo.. Por ello, es el rumor que algunos de esos diputados, podr\u00edan muy pronto querer ser candidatos a alcaldes.. Ya que ahora que son legisladores se ven con fuerza y con fuero.. Y que saben que postul\u00e1ndose por MORENA es poco probable que pierdan la elecci\u00f3n..<\/p>\n\n\n\n<p>Lo que se ve es que se quieren &#8220;encaramar&#8221; como sea para este proceso local.. Mismo que ya inici\u00f3 legalmente el pasado mes de noviembre por parte del OPLE (Organismo P\u00fablico Local Electoral).. En este mismo espacio, se\u00f1alamos que hay c\u00e1lculos entre los partidos de oposici\u00f3n.. De que diputados de la 4T andan promocion\u00e1ndose con todo en redes sociales, para buscar ser postulados como aspirantes oficiales.. Y que son alrededor de 22 legisladores de esa alianza, los que podr\u00edan abandonar su curul, pedir licencia..<\/p>\n\n\n\n<p>De darse este hecho.. Al menos, la mitad de la legislatura con los diputados de MORENA-PT-PVEM abandonar\u00edan sus cargos legislativos para emprender otra aventura pol\u00edtica.. Por lo que tomar\u00edan protesta sus suplentes..Sin embargo, en el ambiente pol\u00edtico veracruzano de MORENA.. Sigue pesando esa frase dicha por Roc\u00edo Nahle: De que ning\u00fan diputado local en funciones, podr\u00eda ser candidato a alcalde porque eso &#8220;romper\u00eda&#8221; uno de los principios de la 4T: NO MENTIR.. Habr\u00e1 que ver si la cumplen.. AMEN..<\/p>\n","protected":false},"excerpt":{"rendered":"<p>Ricardo Chua En los c\u00edrculos pol\u00edticos de Xalapa y Perote se ha escuchado fuerte la versi\u00f3n.. De que el ex candidato a gobernador por el PRI y uno de los pol\u00edticos priistas m\u00e1s serios y queridos de la entidad veracruzana, Jos\u00e9 Francisco Yunes Zorrilla, podr\u00eda regresar a gobernar a su amado municipio de Perote.. Pepe [&hellip;]<\/p>\n","protected":false},"author":29,"featured_media":169744,"comment_status":"open","ping_status":"open","sticky":false,"template":"","format":"standard","meta":{"_monsterinsights_skip_tracking":false,"_monsterinsights_sitenote_active":false,"_monsterinsights_sitenote_note":"","_monsterinsights_sitenote_category":0,"footnotes":""},"categories":[245],"tags":[],"class_list":["post-169742","post","type-post","status-publish","format-standard","has-post-thumbnail","hentry","category-dialogos-de-poder","wp-image-borders"],"amp_enabled":true,"_links":{"self":[{"href":"https:\/\/nvnoticias.mx\/index.php\/wp-json\/wp\/v2\/posts\/169742","targetHints":{"allow":["GET"]}}],"collection":[{"href":"https:\/\/nvnoticias.mx\/index.php\/wp-json\/wp\/v2\/posts"}],"about":[{"href":"https:\/\/nvnoticias.mx\/index.php\/wp-json\/wp\/v2\/types\/post"}],"author":[{"embeddable":true,"href":"https:\/\/nvnoticias.mx\/index.php\/wp-json\/wp\/v2\/users\/29"}],"replies":[{"embeddable":true,"href":"https:\/\/nvnoticias.mx\/index.php\/wp-json\/wp\/v2\/comments?post=169742"}],"version-history":[{"count":1,"href":"https:\/\/nvnoticias.mx\/index.php\/wp-json\/wp\/v2\/posts\/169742\/revisions"}],"predecessor-version":[{"id":169743,"href":"https:\/\/nvnoticias.mx\/index.php\/wp-json\/wp\/v2\/posts\/169742\/revisions\/169743"}],"wp:featuredmedia":[{"embeddable":true,"href":"https:\/\/nvnoticias.mx\/index.php\/wp-json\/wp\/v2\/media\/169744"}],"wp:attachment":[{"href":"https:\/\/nvnoticias.mx\/index.php\/wp-json\/wp\/v2\/media?parent=169742"}],"wp:term":[{"taxonomy":"category","embeddable":true,"href":"https:\/\/nvnoticias.mx\/index.php\/wp-json\/wp\/v2\/categories?post=169742"},{"taxonomy":"post_tag","embeddable":true,"href":"https:\/\/nvnoticias.mx\/index.php\/wp-json\/wp\/v2\/tags?post=169742"}],"curies":[{"name":"wp","href":"https:\/\/api.w.org\/{rel}","templated":true}]}}