{"id":169698,"date":"2025-01-15T05:00:00","date_gmt":"2025-01-15T11:00:00","guid":{"rendered":"https:\/\/nvnoticias.mx\/?p=169698"},"modified":"2025-01-14T22:45:29","modified_gmt":"2025-01-15T04:45:29","slug":"asistiran-elon-musk-jeff-bezos-y-mark-zuckerberg-a-la-toma-de-posesion-de-donald-trump","status":"publish","type":"post","link":"https:\/\/nvnoticias.mx\/index.php\/2025\/01\/15\/asistiran-elon-musk-jeff-bezos-y-mark-zuckerberg-a-la-toma-de-posesion-de-donald-trump\/","title":{"rendered":"Asistir\u00e1n Elon Musk, Jeff Bezos y Mark Zuckerberg a la toma de posesi\u00f3n de Donald Trump"},"content":{"rendered":"\n<p><strong>Elon Musk<\/strong>,\u00a0<strong>Jeff Bezos<\/strong>\u00a0y\u00a0<strong>Mark Zuckerberg<\/strong>, tres de las figuras m\u00e1s influyentes del sector tecnol\u00f3gico y los hombres m\u00e1s ricos del mundo, estar\u00e1n presentes en la ceremonia de investidura de\u00a0<strong>Donald Trump\u00a0<\/strong>como presidente de los Estados Unidos el pr\u00f3ximo lunes 20 de enero. Seg\u00fan inform\u00f3\u00a0<em>NBC News<\/em>, los magnates compartir\u00e1n un lugar destacado en la plataforma de invitados junto a miembros del gabinete de Trump y otros funcionarios electos.<a href=\"https:\/\/www.infobae.com\/estados-unidos\/2025\/01\/15\/mas-estados-de-eeuu-impulsan-leyes-para-prohibir-el-uso-de-celulares-en-las-escuelas\/\" target=\"_blank\" rel=\"noreferrer noopener\"><\/a><\/p>\n\n\n\n<p>De acuerdo con\u00a0<em>CBS News<\/em>, los tres empresarios, cuya fortuna combinada asciende a 885.000 millones de d\u00f3lares seg\u00fan el \u00edndice de multimillonarios de Bloomberg, han mantenido una relaci\u00f3n estrat\u00e9gica con Trump en los \u00faltimos meses.<\/p>\n\n\n\n<p><strong>Elon Musk<\/strong>, director ejecutivo de\u00a0<strong>Tesla<\/strong>\u00a0y\u00a0<strong>SpaceX<\/strong>, fue designado como co-l\u00edder de un nuevo organismo asesor temporal de la administraci\u00f3n Trump, denominado Departamento de Eficiencia Gubernamental (DOGE). Adem\u00e1s, Musk ha contribuido con m\u00e1s de 250 millones de d\u00f3lares a la campa\u00f1a presidencial de Trump, consolidando su cercan\u00eda con el mandatario electo desde que lo respald\u00f3 p\u00fablicamente en julio.<\/p>\n\n\n\n<p>Fuente: <a href=\"https:\/\/www.infobae.com\/estados-unidos\/2025\/01\/15\/elon-musk-jeff-bezos-y-mark-zuckerberg-asistiran-a-la-toma-de-posesion-de-donald-trump\/\">Infobae<\/a><\/p>\n\n\n\n<p><\/p>\n","protected":false},"excerpt":{"rendered":"<p>Elon Musk,\u00a0Jeff Bezos\u00a0y\u00a0Mark Zuckerberg, tres de las figuras m\u00e1s influyentes del sector tecnol\u00f3gico y los hombres m\u00e1s ricos del mundo, estar\u00e1n presentes en la ceremonia de investidura de\u00a0Donald Trump\u00a0como presidente de los Estados Unidos el pr\u00f3ximo lunes 20 de enero. Seg\u00fan inform\u00f3\u00a0NBC News, los magnates compartir\u00e1n un lugar destacado en la plataforma de invitados junto [&hellip;]<\/p>\n","protected":false},"author":35,"featured_media":166705,"comment_status":"open","ping_status":"open","sticky":false,"template":"","format":"standard","meta":{"_monsterinsights_skip_tracking":false,"_monsterinsights_sitenote_active":false,"_monsterinsights_sitenote_note":"","_monsterinsights_sitenote_category":0,"footnotes":""},"categories":[181],"tags":[281,4744,294],"class_list":["post-169698","post","type-post","status-publish","format-standard","has-post-thumbnail","hentry","category-internacional","tag-elon-musk","tag-jeff-bezos","tag-mark-zuckerberg","wp-image-borders"],"amp_enabled":true,"_links":{"self":[{"href":"https:\/\/nvnoticias.mx\/index.php\/wp-json\/wp\/v2\/posts\/169698","targetHints":{"allow":["GET"]}}],"collection":[{"href":"https:\/\/nvnoticias.mx\/index.php\/wp-json\/wp\/v2\/posts"}],"about":[{"href":"https:\/\/nvnoticias.mx\/index.php\/wp-json\/wp\/v2\/types\/post"}],"author":[{"embeddable":true,"href":"https:\/\/nvnoticias.mx\/index.php\/wp-json\/wp\/v2\/users\/35"}],"replies":[{"embeddable":true,"href":"https:\/\/nvnoticias.mx\/index.php\/wp-json\/wp\/v2\/comments?post=169698"}],"version-history":[{"count":3,"href":"https:\/\/nvnoticias.mx\/index.php\/wp-json\/wp\/v2\/posts\/169698\/revisions"}],"predecessor-version":[{"id":169701,"href":"https:\/\/nvnoticias.mx\/index.php\/wp-json\/wp\/v2\/posts\/169698\/revisions\/169701"}],"wp:featuredmedia":[{"embeddable":true,"href":"https:\/\/nvnoticias.mx\/index.php\/wp-json\/wp\/v2\/media\/166705"}],"wp:attachment":[{"href":"https:\/\/nvnoticias.mx\/index.php\/wp-json\/wp\/v2\/media?parent=169698"}],"wp:term":[{"taxonomy":"category","embeddable":true,"href":"https:\/\/nvnoticias.mx\/index.php\/wp-json\/wp\/v2\/categories?post=169698"},{"taxonomy":"post_tag","embeddable":true,"href":"https:\/\/nvnoticias.mx\/index.php\/wp-json\/wp\/v2\/tags?post=169698"}],"curies":[{"name":"wp","href":"https:\/\/api.w.org\/{rel}","templated":true}]}}