{"id":169571,"date":"2025-01-14T09:19:48","date_gmt":"2025-01-14T15:19:48","guid":{"rendered":"https:\/\/nvnoticias.mx\/?p=169571"},"modified":"2025-01-14T09:19:50","modified_gmt":"2025-01-14T15:19:50","slug":"morena-y-el-nepotismo-en-veracruz","status":"publish","type":"post","link":"https:\/\/nvnoticias.mx\/index.php\/2025\/01\/14\/morena-y-el-nepotismo-en-veracruz\/","title":{"rendered":"Morena y el nepotismo en Veracruz"},"content":{"rendered":"\n<p><\/p>\n\n\n\n<p><strong>Ricardo Chua<\/strong><\/p>\n\n\n\n<p>&#8220;Garganta Profunda&#8221; se\u00f1al\u00f3 que fue una buena se\u00f1al que mandaron desde el gobierno de Veracruz, despu\u00e9s de la salida de Cuitl\u00e1huac Garc\u00eda, donde ten\u00eda familiares como altos funcionarios estatales de su administraci\u00f3n.. Que esas pr\u00e1cticas, ya no se quer\u00edan para el nuevo mandato ahora en manos de Roc\u00edo Nahle.. El nepotismo en gobiernos de MORENA fue un duro golpe pol\u00edtico, que si bien es cierto no incide en la elecci\u00f3n, si &#8220;peg\u00f3&#8221; y a mucha sociedad molest\u00f3..<\/p>\n\n\n\n<p>Por eso, hay versiones de que en Palacio de Gobierno aceptaron de muy buena manera, hace semanas.. Que el Tribunal Electoral del Poder Judicial de la Federaci\u00f3n, echar\u00e1 para abajo la diputaci\u00f3n local del PT, v\u00eda plurinominal, del l\u00edder estatal de este partido, Vicente Aguilar, y se la regresar\u00e1 a Elizabeth Morales.. Despu\u00e9s de que su hijo, el alcalde de Alto Lucero con licencia, Vicente Aguilar &#8220;Chet\u00edn&#8221;, es ahora legislador local de la 4T en el Congreso del Estado y que para la alcald\u00eda como sucesora quiere dejar a su esposa, Romina Arroyo, eso no pod\u00eda ser..<\/p>\n\n\n\n<p>Algunos comentan que por ello, es que Aguilar Aguilar como l\u00edder estatal del PT, fue &#8220;refundido&#8221; hasta los asientos de atr\u00e1s del Congreso Local, cuando Roc\u00edo Nahle tom\u00f3 protesta como gobernadora.. C\u00f3mo una forma de mandar el mensaje, de que no est\u00e1 muy a gusto de como se manejan las cosas en el Partido del Trabajo en Veracruz.. Como si fuera una empresa familiar, que cuando no es uno, es el otro, pero todos son los padres, hijos y esposa\u2026<\/p>\n\n\n\n<p>Motivo por el cual, se dice que Nahle por esos temas del nepotismo, que tienen que ver con MORENA, PVEM y PT, no va a permitir que lo metan a la convocatoria interna de sus partidos para que elijan a los candidatos a las alcald\u00edas.. Ya que pero ser\u00e1 un grave problema para ellos.. Por eso, los que llegaron al poder en Veracruz, tendr\u00e1n que calmar a los -caciques- de la 4T en sus distintas regiones, para que no se sientan los due\u00f1os de la silla de la presidencia municipal..<\/p>\n\n\n\n<p>Si bien es cierto, alcaldes, diputados locales y federales van a ver la manera de colocar a sus parientes en las candidaturas de la 4T a las alcald\u00edas en Veracruz, eso s\u00f3lo se podr\u00e1 hacer, si es que as\u00ed lo quiere Roc\u00edo Nahle en acuerdos con ellos.. Pero si esto no es as\u00ed, no habr\u00e1 poder humano en Veracruz que hagan que los nominen candidatos.. La orden viene de Palacio Nacional, no quieren m\u00e1s &#8220;testamentos&#8221; pol\u00edticos de la 4T en los Estados.. Los familiares no podr\u00e1n heredar los cargos p\u00fablicos del funcionario en turno.. AMEN..<\/p>\n\n\n\n<p>CLAUDIA TELLO Y SU BUENA &#8220;ESTRELLA&#8221; EN LA 4T.. La que pareciera que se llev\u00f3 las &#8220;palmas&#8221; en Veracruz por el evento que se organiz\u00f3 en el z\u00f3calo de CDMX por los 100 d\u00edas de gobierno de Claudia Sheinbaum.. Fue una de las funcionarias m\u00e1s cercanas a Roc\u00edo Nahle, que es la titular de la Secretar\u00eda de Educaci\u00f3n en la entidad, Claudia Tello Espinoza\u2026 Ya que este personaje, pues, se puede decir que &#8220;brill\u00f3&#8221; con &#8220;luz propia&#8221; en ese evento\u2026 Que para la 4T pudo ser el foro m\u00e1s importante de su historia moderna..<\/p>\n\n\n\n<p>Al final de cuentas, Tello Espinoza conoce bien desde hace a\u00f1os a la misma Presidenta, Claudia Shienbaum&#8211; Y ella, adem\u00e1s se ha entregado a un trabajo incansable, a pesar de las &#8220;grillas&#8221; que ha sorteado a su alrededor desde que lleg\u00f3 a la SEV en Veracruz.. Dicen que el trabajo &#8220;mata a grilla&#8221; y ahora esta persona las ha logrado sacar adelante.. Pero sobre todo porque cuenta con el apoyo de la gobernadora Nahle para que se puedan en el sector educativo lograr sacar de ese rezago que se viv\u00eda en la entidad.. Y esperan que con el &#8220;segundo piso&#8221; de la 4T eso termine..<\/p>\n\n\n\n<p>Tan s\u00f3lo en este evento del domingo pasado en el z\u00f3calo de CDMX fueron m\u00e1s de 4 mil veracruzanos, los que fueron organizados por Claudia Tello Espinoza.. Para que fueran a darle su presencia a esa fiesta popular de la 4T.. Ya que al final, dentro de su propio equipo de trabajo, la misma Tello ha incorporado al \u00e1rea pol\u00edtica de este movimiento a una nueva generaci\u00f3n que aprende la responsabilidad de gobernar Veracruz. Como son Felipe Sosa Mora y El\u00edas Calixto Armas, ambos son cuadros que est\u00e1n bajo la direcci\u00f3n de la titular de la SEV.. As\u00ed que ahora tanto Sosa como Calixto tienen la vara alta para poder hacer con su trabajo una revoluci\u00f3n al activismo pol\u00edtico de la 4T..<\/p>\n\n\n\n<p>REFLEXI\u00d3N.. Roc\u00edo Nahle sabe que una de las dependencias que m\u00e1s les ha dado resultado en estos primeros 45 d\u00edas de su gobierno.. Ha sido la SEV.. Con los maestros ha tenido una relaci\u00f3n tersa y la transici\u00f3n de un gobierno a otro fue de manera ordenada con el magisterio.. Ya que por el momento, no se ve conflicto en puerta alguno.. Ahora le toca a los encargados de esta dependencia, llevar el trabajo en paz para que no se rompa esa armon\u00eda que tienen con este sector.. Y de eso, la responsable directa es Claudia Tello.. Que hasta el momento, no hay queja alguna de ella.. AMEN..<\/p>\n","protected":false},"excerpt":{"rendered":"<p>Ricardo Chua &#8220;Garganta Profunda&#8221; se\u00f1al\u00f3 que fue una buena se\u00f1al que mandaron desde el gobierno de Veracruz, despu\u00e9s de la salida de Cuitl\u00e1huac Garc\u00eda, donde ten\u00eda familiares como altos funcionarios estatales de su administraci\u00f3n.. Que esas pr\u00e1cticas, ya no se quer\u00edan para el nuevo mandato ahora en manos de Roc\u00edo Nahle.. El nepotismo en gobiernos [&hellip;]<\/p>\n","protected":false},"author":29,"featured_media":169572,"comment_status":"open","ping_status":"open","sticky":false,"template":"","format":"standard","meta":{"_monsterinsights_skip_tracking":false,"_monsterinsights_sitenote_active":false,"_monsterinsights_sitenote_note":"","_monsterinsights_sitenote_category":0,"footnotes":""},"categories":[245],"tags":[327],"class_list":["post-169571","post","type-post","status-publish","format-standard","has-post-thumbnail","hentry","category-dialogos-de-poder","tag-ricardo-chua","wp-image-borders"],"amp_enabled":true,"_links":{"self":[{"href":"https:\/\/nvnoticias.mx\/index.php\/wp-json\/wp\/v2\/posts\/169571","targetHints":{"allow":["GET"]}}],"collection":[{"href":"https:\/\/nvnoticias.mx\/index.php\/wp-json\/wp\/v2\/posts"}],"about":[{"href":"https:\/\/nvnoticias.mx\/index.php\/wp-json\/wp\/v2\/types\/post"}],"author":[{"embeddable":true,"href":"https:\/\/nvnoticias.mx\/index.php\/wp-json\/wp\/v2\/users\/29"}],"replies":[{"embeddable":true,"href":"https:\/\/nvnoticias.mx\/index.php\/wp-json\/wp\/v2\/comments?post=169571"}],"version-history":[{"count":1,"href":"https:\/\/nvnoticias.mx\/index.php\/wp-json\/wp\/v2\/posts\/169571\/revisions"}],"predecessor-version":[{"id":169573,"href":"https:\/\/nvnoticias.mx\/index.php\/wp-json\/wp\/v2\/posts\/169571\/revisions\/169573"}],"wp:featuredmedia":[{"embeddable":true,"href":"https:\/\/nvnoticias.mx\/index.php\/wp-json\/wp\/v2\/media\/169572"}],"wp:attachment":[{"href":"https:\/\/nvnoticias.mx\/index.php\/wp-json\/wp\/v2\/media?parent=169571"}],"wp:term":[{"taxonomy":"category","embeddable":true,"href":"https:\/\/nvnoticias.mx\/index.php\/wp-json\/wp\/v2\/categories?post=169571"},{"taxonomy":"post_tag","embeddable":true,"href":"https:\/\/nvnoticias.mx\/index.php\/wp-json\/wp\/v2\/tags?post=169571"}],"curies":[{"name":"wp","href":"https:\/\/api.w.org\/{rel}","templated":true}]}}