{"id":169546,"date":"2025-01-13T16:36:52","date_gmt":"2025-01-13T22:36:52","guid":{"rendered":"https:\/\/nvnoticias.mx\/?p=169546"},"modified":"2025-01-13T16:36:53","modified_gmt":"2025-01-13T22:36:53","slug":"ariana-grande-compartio-detalles-de-la-cancion-inedita-de-glinda-en-wicked-2","status":"publish","type":"post","link":"https:\/\/nvnoticias.mx\/index.php\/2025\/01\/13\/ariana-grande-compartio-detalles-de-la-cancion-inedita-de-glinda-en-wicked-2\/","title":{"rendered":"Ariana Grande comparti\u00f3 detalles de la canci\u00f3n in\u00e9dita de Glinda en \u201cWicked 2\u201d"},"content":{"rendered":"\n<p>Ariana Grande\u00a0revel\u00f3 nuevos detalles sobre su participaci\u00f3n en la esperada\u00a0<em><strong>Wicked: For Good<\/strong><\/em>\u00a0y comparti\u00f3 informaci\u00f3n clave sobre una nueva canci\u00f3n que su personaje,\u00a0<strong>Glinda<\/strong>, interpretar\u00e1 en la pel\u00edcula.<\/p>\n\n\n\n<p>La cantante y actriz, que asumi\u00f3 el rol de la bruja buena en la adaptaci\u00f3n cinematogr\u00e1fica dirigida por&nbsp;<strong>Jon M. Chu<\/strong>, expres\u00f3 su entusiasmo por la oportunidad de dar vida a este tema in\u00e9dito, escrito por el compositor original del musical,&nbsp;<strong>Stephen Schwartz<\/strong>.<\/p>\n\n\n\n<p>En una entrevista reciente con&nbsp;<em>Variety<\/em>, Grande explic\u00f3 que la canci\u00f3n marca un momento crucial en la evoluci\u00f3n de Glinda, un personaje que ella ha descrito como m\u00e1s profundo y complejo de lo que aparenta.<\/p>\n\n\n\n<p>\u201cEs un momento fundamental en la historia de Glinda\u201d, coment\u00f3. \u201c<strong>Muestra un lado de ella que nunca antes hab\u00edamos visto<\/strong>. En el musical de Broadway, esta transformaci\u00f3n ocurre fuera del escenario, pero en la pel\u00edcula, tenemos la oportunidad de verla tomar\u00a0<strong>la decisi\u00f3n que define qui\u00e9n es<\/strong>. Es un privilegio interpretar esta canci\u00f3n y\u00a0<strong>ser la primera Glinda en llevarla al p\u00fablico<\/strong>\u201d.<\/p>\n\n\n\n<p>Este nuevo tema, que&nbsp;<strong>no formaba parte del musical original<\/strong>, destaca por su relevancia en la trama, ya que refleja el crecimiento y la madurez del personaje.<\/p>\n\n\n\n<p>Para Ariana, interpretar a Glinda ha sido un sue\u00f1o hecho realidad, especialmente considerando que su conexi\u00f3n con\u00a0Wicked\u00a0comenz\u00f3 muchos a\u00f1os antes de ser seleccionada para el papel.<\/p>\n\n\n\n<p>\u201c<strong>Crec\u00ed viendo&nbsp;<\/strong><em><strong>El mago de Oz<\/strong><\/em><strong>&nbsp;y so\u00f1ando con estar en un musical como este<\/strong>\u201d, record\u00f3. \u201cEs incre\u00edble pensar que algo que dese\u00e9 desde ni\u00f1a se haya vuelto realidad. Pero no fue solo cuesti\u00f3n de manifestarlo, sino de mucho trabajo duro\u201d.<\/p>\n\n\n\n<p><\/p>\n","protected":false},"excerpt":{"rendered":"<p>Ariana Grande\u00a0revel\u00f3 nuevos detalles sobre su participaci\u00f3n en la esperada\u00a0Wicked: For Good\u00a0y comparti\u00f3 informaci\u00f3n clave sobre una nueva canci\u00f3n que su personaje,\u00a0Glinda, interpretar\u00e1 en la pel\u00edcula. La cantante y actriz, que asumi\u00f3 el rol de la bruja buena en la adaptaci\u00f3n cinematogr\u00e1fica dirigida por&nbsp;Jon M. Chu, expres\u00f3 su entusiasmo por la oportunidad de dar vida [&hellip;]<\/p>\n","protected":false},"author":35,"featured_media":169549,"comment_status":"open","ping_status":"open","sticky":false,"template":"","format":"standard","meta":{"_monsterinsights_skip_tracking":false,"_monsterinsights_sitenote_active":false,"_monsterinsights_sitenote_note":"","_monsterinsights_sitenote_category":0,"footnotes":""},"categories":[576],"tags":[23,31520],"class_list":["post-169546","post","type-post","status-publish","format-standard","has-post-thumbnail","hentry","category-ocio","tag-ariana-grande","tag-wicked-part-two","wp-image-borders"],"amp_enabled":true,"_links":{"self":[{"href":"https:\/\/nvnoticias.mx\/index.php\/wp-json\/wp\/v2\/posts\/169546","targetHints":{"allow":["GET"]}}],"collection":[{"href":"https:\/\/nvnoticias.mx\/index.php\/wp-json\/wp\/v2\/posts"}],"about":[{"href":"https:\/\/nvnoticias.mx\/index.php\/wp-json\/wp\/v2\/types\/post"}],"author":[{"embeddable":true,"href":"https:\/\/nvnoticias.mx\/index.php\/wp-json\/wp\/v2\/users\/35"}],"replies":[{"embeddable":true,"href":"https:\/\/nvnoticias.mx\/index.php\/wp-json\/wp\/v2\/comments?post=169546"}],"version-history":[{"count":3,"href":"https:\/\/nvnoticias.mx\/index.php\/wp-json\/wp\/v2\/posts\/169546\/revisions"}],"predecessor-version":[{"id":169550,"href":"https:\/\/nvnoticias.mx\/index.php\/wp-json\/wp\/v2\/posts\/169546\/revisions\/169550"}],"wp:featuredmedia":[{"embeddable":true,"href":"https:\/\/nvnoticias.mx\/index.php\/wp-json\/wp\/v2\/media\/169549"}],"wp:attachment":[{"href":"https:\/\/nvnoticias.mx\/index.php\/wp-json\/wp\/v2\/media?parent=169546"}],"wp:term":[{"taxonomy":"category","embeddable":true,"href":"https:\/\/nvnoticias.mx\/index.php\/wp-json\/wp\/v2\/categories?post=169546"},{"taxonomy":"post_tag","embeddable":true,"href":"https:\/\/nvnoticias.mx\/index.php\/wp-json\/wp\/v2\/tags?post=169546"}],"curies":[{"name":"wp","href":"https:\/\/api.w.org\/{rel}","templated":true}]}}