{"id":169333,"date":"2025-01-12T10:41:38","date_gmt":"2025-01-12T16:41:38","guid":{"rendered":"https:\/\/nvnoticias.mx\/?p=169333"},"modified":"2025-01-12T10:41:39","modified_gmt":"2025-01-12T16:41:39","slug":"a-100-dias-de-gobierno-de-sheinbaum-pequenos-comerciantes-aun-esperan-resolucion-de-pendientes","status":"publish","type":"post","link":"https:\/\/nvnoticias.mx\/index.php\/2025\/01\/12\/a-100-dias-de-gobierno-de-sheinbaum-pequenos-comerciantes-aun-esperan-resolucion-de-pendientes\/","title":{"rendered":"A 100 d\u00edas de gobierno de Sheinbaum, peque\u00f1os comerciantes a\u00fan esperan resoluci\u00f3n de pendientes"},"content":{"rendered":"\n<p>A 100 d\u00edas de la llegada de&nbsp;Claudia Sheinbaum&nbsp;a la Presidencia, la Alianza Nacional de Peque\u00f1os Comercios (Anpec) destac\u00f3 que a\u00fan esperan la resoluci\u00f3n de pendientes que esta administraci\u00f3n hered\u00f3.<\/p>\n\n\n\n<p>En entrevista, el presidente de la alianza, Cuauht\u00e9moc Rivera, detall\u00f3 que desde los peque\u00f1os comercios esperaban m\u00e1s acci\u00f3n por parte de la Presidenta al mando del pa\u00eds, ya que actualmente cuenta con un importante poder en las c\u00e1maras de representaci\u00f3n.<\/p>\n\n\n\n<p>Pero en contraste, ven que en estos \u00faltimos meses hay cinco temas pendientes, que consideran que el gobierno de Sheinbaum no ha podido resolver, los cuales son:<\/p>\n\n\n\n<p><br>El tema de las personas damnificadas de Acapulco, por el paso de los \u00faltimos huracanes.<\/p>\n\n\n\n<p>El paquete contra la inflaci\u00f3n.<\/p>\n\n\n\n<p><br>La carest\u00eda (Pacic).<\/p>\n\n\n\n<p><br>El tema de la inflaci\u00f3n.<\/p>\n\n\n\n<p><br>La inseguridad.<\/p>\n\n\n\n<p><br>&#8220;Vemos que estamos a\u00fan en la curva de estar buscando mejores resultados y una mejor calidad de vida, pero para nosotros no se trataba de pasar, si no de obtener una buena calificaci\u00f3n por el nivel de apoyo que tiene, ese poder la compromete a dar resultados mayores&#8221;, asegur\u00f3.<\/p>\n\n\n\n<p><br>En cuanto al tema de los damnificados por los huracanes, Rivera resalt\u00f3 que los fen\u00f3menos naturales han sido una constante.<\/p>\n\n\n\n<p>Fuente: <a href=\"https:\/\/www.milenio.com\/negocios\/100-sheinbaum-pequenos-comerciantes-esperan-resoluciones\">Milenio<\/a> <\/p>\n\n\n\n<p><\/p>\n\n\n\n<p><\/p>\n\n\n\n<p><\/p>\n","protected":false},"excerpt":{"rendered":"<p>A 100 d\u00edas de la llegada de&nbsp;Claudia Sheinbaum&nbsp;a la Presidencia, la Alianza Nacional de Peque\u00f1os Comercios (Anpec) destac\u00f3 que a\u00fan esperan la resoluci\u00f3n de pendientes que esta administraci\u00f3n hered\u00f3. En entrevista, el presidente de la alianza, Cuauht\u00e9moc Rivera, detall\u00f3 que desde los peque\u00f1os comercios esperaban m\u00e1s acci\u00f3n por parte de la Presidenta al mando del [&hellip;]<\/p>\n","protected":false},"author":35,"featured_media":150044,"comment_status":"open","ping_status":"open","sticky":false,"template":"","format":"standard","meta":{"_monsterinsights_skip_tracking":false,"_monsterinsights_sitenote_active":false,"_monsterinsights_sitenote_note":"","_monsterinsights_sitenote_category":0,"footnotes":""},"categories":[157],"tags":[2801,564],"class_list":["post-169333","post","type-post","status-publish","format-standard","has-post-thumbnail","hentry","category-nacional","tag-claudia-sheinbaum","tag-comerciantes","wp-image-borders"],"amp_enabled":true,"_links":{"self":[{"href":"https:\/\/nvnoticias.mx\/index.php\/wp-json\/wp\/v2\/posts\/169333","targetHints":{"allow":["GET"]}}],"collection":[{"href":"https:\/\/nvnoticias.mx\/index.php\/wp-json\/wp\/v2\/posts"}],"about":[{"href":"https:\/\/nvnoticias.mx\/index.php\/wp-json\/wp\/v2\/types\/post"}],"author":[{"embeddable":true,"href":"https:\/\/nvnoticias.mx\/index.php\/wp-json\/wp\/v2\/users\/35"}],"replies":[{"embeddable":true,"href":"https:\/\/nvnoticias.mx\/index.php\/wp-json\/wp\/v2\/comments?post=169333"}],"version-history":[{"count":2,"href":"https:\/\/nvnoticias.mx\/index.php\/wp-json\/wp\/v2\/posts\/169333\/revisions"}],"predecessor-version":[{"id":169335,"href":"https:\/\/nvnoticias.mx\/index.php\/wp-json\/wp\/v2\/posts\/169333\/revisions\/169335"}],"wp:featuredmedia":[{"embeddable":true,"href":"https:\/\/nvnoticias.mx\/index.php\/wp-json\/wp\/v2\/media\/150044"}],"wp:attachment":[{"href":"https:\/\/nvnoticias.mx\/index.php\/wp-json\/wp\/v2\/media?parent=169333"}],"wp:term":[{"taxonomy":"category","embeddable":true,"href":"https:\/\/nvnoticias.mx\/index.php\/wp-json\/wp\/v2\/categories?post=169333"},{"taxonomy":"post_tag","embeddable":true,"href":"https:\/\/nvnoticias.mx\/index.php\/wp-json\/wp\/v2\/tags?post=169333"}],"curies":[{"name":"wp","href":"https:\/\/api.w.org\/{rel}","templated":true}]}}