{"id":169293,"date":"2025-01-11T17:26:45","date_gmt":"2025-01-11T23:26:45","guid":{"rendered":"https:\/\/nvnoticias.mx\/?p=169293"},"modified":"2025-01-11T17:37:59","modified_gmt":"2025-01-11T23:37:59","slug":"mexico-envia-ayuda-humanitaria-a-los-angeles-ante-incendios","status":"publish","type":"post","link":"https:\/\/nvnoticias.mx\/index.php\/2025\/01\/11\/mexico-envia-ayuda-humanitaria-a-los-angeles-ante-incendios\/","title":{"rendered":"M\u00e9xico env\u00eda ayuda humanitaria a Los \u00c1ngeles ante incendios"},"content":{"rendered":"\n<p><\/p>\n\n\n\n<p>El equipo de ayuda humanitaria viaj\u00f3 a Los \u00c1ngeles, California,&nbsp;para apoyar en los devastadores incendios, que han dejado al menos 10 personas muertas y miles de estructuras afectadas.<\/p>\n\n\n\n<p>&#8216;En este momento sale el grupo de ayuda humanitaria a Los \u00c1ngeles, California. Somos un pa\u00eds generoso y solidario&#8217;, destac\u00f3 la presidenta Claudia Sheinbaum Pardo en su cuenta X.<\/p>\n\n\n\n<p>El equipo est\u00e1 conformado por elementos del Plan DN-III-E, de la Secretar\u00eda de la Defensa Nacional (Sedena), de la Comisi\u00f3n Nacional Forestal (Conafor), de la Coordinadora Nacional de Protecci\u00f3n Civil (CNPC) y de la Secretar\u00eda de Relaciones Exteriores (SRE).<\/p>\n\n\n\n<p>&#8216;Llevan con ustedes la valent\u00eda y el coraz\u00f3n de M\u00e9xico&#8217;, destac\u00f3 Sheinbaum Pardo.<\/p>\n\n\n\n<p>Ayer viernes, el gobernador de California, Gavin Newsom,&nbsp;expres\u00f3 su agradecimiento a la presidenta Claudia Sheinbaum por el apoyo brindado para combatir los incendios forestales.<\/p>\n","protected":false},"excerpt":{"rendered":"<p>El equipo de ayuda humanitaria viaj\u00f3 a Los \u00c1ngeles, California,&nbsp;para apoyar en los devastadores incendios, que han dejado al menos 10 personas muertas y miles de estructuras afectadas. &#8216;En este momento sale el grupo de ayuda humanitaria a Los \u00c1ngeles, California. Somos un pa\u00eds generoso y solidario&#8217;, destac\u00f3 la presidenta Claudia Sheinbaum Pardo en su [&hellip;]<\/p>\n","protected":false},"author":8,"featured_media":169294,"comment_status":"open","ping_status":"open","sticky":false,"template":"","format":"standard","meta":{"_monsterinsights_skip_tracking":false,"_monsterinsights_sitenote_active":false,"_monsterinsights_sitenote_note":"","_monsterinsights_sitenote_category":0,"footnotes":""},"categories":[157],"tags":[5205,3377,2802,292],"class_list":["post-169293","post","type-post","status-publish","format-standard","has-post-thumbnail","hentry","category-nacional","tag-ayuda-humanitaria","tag-incendios","tag-los-angeles","tag-mexico","wp-image-borders"],"amp_enabled":true,"_links":{"self":[{"href":"https:\/\/nvnoticias.mx\/index.php\/wp-json\/wp\/v2\/posts\/169293","targetHints":{"allow":["GET"]}}],"collection":[{"href":"https:\/\/nvnoticias.mx\/index.php\/wp-json\/wp\/v2\/posts"}],"about":[{"href":"https:\/\/nvnoticias.mx\/index.php\/wp-json\/wp\/v2\/types\/post"}],"author":[{"embeddable":true,"href":"https:\/\/nvnoticias.mx\/index.php\/wp-json\/wp\/v2\/users\/8"}],"replies":[{"embeddable":true,"href":"https:\/\/nvnoticias.mx\/index.php\/wp-json\/wp\/v2\/comments?post=169293"}],"version-history":[{"count":1,"href":"https:\/\/nvnoticias.mx\/index.php\/wp-json\/wp\/v2\/posts\/169293\/revisions"}],"predecessor-version":[{"id":169295,"href":"https:\/\/nvnoticias.mx\/index.php\/wp-json\/wp\/v2\/posts\/169293\/revisions\/169295"}],"wp:featuredmedia":[{"embeddable":true,"href":"https:\/\/nvnoticias.mx\/index.php\/wp-json\/wp\/v2\/media\/169294"}],"wp:attachment":[{"href":"https:\/\/nvnoticias.mx\/index.php\/wp-json\/wp\/v2\/media?parent=169293"}],"wp:term":[{"taxonomy":"category","embeddable":true,"href":"https:\/\/nvnoticias.mx\/index.php\/wp-json\/wp\/v2\/categories?post=169293"},{"taxonomy":"post_tag","embeddable":true,"href":"https:\/\/nvnoticias.mx\/index.php\/wp-json\/wp\/v2\/tags?post=169293"}],"curies":[{"name":"wp","href":"https:\/\/api.w.org\/{rel}","templated":true}]}}