{"id":169267,"date":"2025-01-11T10:20:40","date_gmt":"2025-01-11T16:20:40","guid":{"rendered":"https:\/\/nvnoticias.mx\/?p=169267"},"modified":"2025-01-11T10:20:42","modified_gmt":"2025-01-11T16:20:42","slug":"exclusiva-los-candidatos-de-jorge-romero-en-veracruz","status":"publish","type":"post","link":"https:\/\/nvnoticias.mx\/index.php\/2025\/01\/11\/exclusiva-los-candidatos-de-jorge-romero-en-veracruz\/","title":{"rendered":"Exclusiva, los candidatos de Jorge Romero en Veracruz"},"content":{"rendered":"\n<p><\/p>\n\n\n\n<p><strong>Ricardo Chua<\/strong><\/p>\n\n\n\n<p>Resulta que el PAN no quiere perder lo que tiene en Veracruz y Durango, que ser\u00e1n los dos estados con elecciones municipales en el pa\u00eds durante este 2025.. Y por ello, este pr\u00f3ximo jueves en el municipio de Boca del R\u00edo, estar\u00e1 toda la plana mayor del panismo en el pa\u00eds, encabezado por su dirigente, Jorge Romero, para llevar a cabo esos trabajos en pro del proceso electoral local en la entidad y sentar las bases de los que ser\u00e1n sus candidatos a la renovaci\u00f3n de los 212 ayuntamientos de la entidad..<\/p>\n\n\n\n<p>Romero vendr\u00e1 encabezando la Comisi\u00f3n Permanente del PAN nacional, que sesionar\u00e1 en Boca del R\u00edo, para que ah\u00ed se sepa las reglas a seguir por los candidatos alcaldes que sean seleccionados por el panismo, v\u00eda DESIGNACI\u00d3N, tanto en Veracruz como en Durango.. Para que de esa manera sigan las reglas implementadas por este partido y no se les vayan a salir del &#8220;huacal&#8221; antes de tiempo.. Ah\u00ed en ese sitio estar\u00e1n, quiz\u00e1s, los candidatos m\u00e1s importantes que ser\u00e1n postulados por este organismo pol\u00edtico en Veracruz..<\/p>\n\n\n\n<p>Vienen a Boca del R\u00edo la &#8220;cuna&#8221; del panismo moderno en Veracruz.. Donde tienen amplias posibilidades de ganar y en donde est\u00e1n los mejores activos pol\u00edticos de este partido en la entidad, como lo son: Juan Manuel Unanue, alcalde en funciones de esta ciudad y la diputada federal panista, Marijose Gamboa Torales.. De esa manera, desde el municipio boque\u00f1o dar\u00e1 el PAN el inicio a sus trabajos pol\u00edticos en pro de esta elecci\u00f3n a las alcald\u00edas y har\u00e1 su pronunciamiento al respecto.. Despu\u00e9s de que esta semana fueron las inscripciones para los que desean ser candidatos de MORENA..<\/p>\n\n\n\n<p>Jorge Romero adem\u00e1s tomar\u00e1 la batuta de esta campa\u00f1a en Veracruz en los 212 municipios.. Ya que oficialmente ser\u00e1 esta primera elecci\u00f3n donde \u00e9l est\u00e9}ar\u00e1 como dirigente nacional del PAN y, por ello, espera meterle &#8220;toda la carne al asador&#8221; para que los resultados no sean tan adversos como se esperan en el PAN en el proceso donde se enfrentan a MORENA en la lucha por las alcald\u00edas.. Pr\u00e1cticamente Romero ser\u00eda como un coordinador estatal de estas campa\u00f1as en la entidad.. Y visitar\u00e1 todas las cabeceras municipales y har\u00e1 pol\u00edtica en la mayor\u00eda de ayuntamientos..<\/p>\n\n\n\n<p>REFLEXI\u00d3N.. Si no lo hac\u00edan y Jorge Romero hubiera &#8220;brillado&#8221; por su ausencia.. En este momento, el PAN en Veracruz estar\u00eda en camino a su extinci\u00f3n pol\u00edtica.. No hay manera que le puedan ganar a MORENA si no hacen una &#8220;guerra&#8221; en todos los sentidos.. Y menos, si no combaten la falta de resultados pol\u00edticos panistas con propaganda para &#8220;tapar&#8221; todo lo que perdieron en la entidad en la pasada elecci\u00f3n del 2 de junio del 2024.. As\u00ed que no les queda de otra que ir &#8220;echados para adelante&#8221;.. Pase lo que pase.. \u00bfQu\u00e9 m\u00e1s pueden perder?.. AMEN\u2026<\/p>\n\n\n\n<p>OJO.. Seg\u00fan trascendi\u00f3 la diputada federal panista, Marijose Gamboa Torales.. Tiene, al menos, 12 puntos de ventaja como candidata en comparaci\u00f3n con todos los dem\u00e1s aspirantes a la alcald\u00eda de Boca del R\u00edo.. Tanto con los que pretenden ser candidatos por su partido y hasta contra los de MORENA-PVEM.PT.. Marijose Gamboa trae un arrastre electoral, que se vio mermado en el 2024, pese a su triunfo en el distrito boque\u00f1o.. Pero pasada la elecci\u00f3n local.. Ya se recuper\u00f3 en sus bonos.. VA RECIO..<\/p>\n\n\n\n<p>EL &#8220;PIRATA&#8221;, ROC\u00cdO NAHLE Y EL NUEVO EQUIPO DE F\u00daTBOL.. Nos cuenta &#8220;Garganta Profunda&#8221; que personajes ligados a la 4T en Veracruz.. Lo buscaron para aclararle que, al menos, en la entidad, el tema del equipo de f\u00fatbol profesional ya est\u00e1 solucionado\u2026 Ya que hay un grupo empresarial que lo traer\u00e1 ahora que &#8220;El Pirata&#8221; cuando este se encuentre totalmente terminado y pueda ser usado sus instalaciones al 100 por ciento.. Es el mismo empresario que compr\u00f3 al equipo &#8220;Celaya FC&#8221;..<\/p>\n\n\n\n<p>Ya trascendi\u00f3 que este mismo equipo ser\u00e1 tra\u00eddo a este puerto.. Pero se llamar\u00e1 &#8220;Piratas de Veracruz&#8221;.. Nada que ver con los extintos &#8220;Tiburones Rojos&#8221; de Veracruz, cuyo nombre sigue siendo propiedad del empresario orizabe\u00f1o, Fidel Kuri Grajales.. La idea de este grupo empresarial es que cuando jueguen en el nuevo estadio, quede de manera espectacular.. Y que la &#8220;bomba&#8221; ser\u00e1 el nuevo uniforme del equipo del cual dicen es innovador y se ve muy bien, por lo que lucir\u00e1 muy bonito cuando los jugadores est\u00e9n en la cancha..<\/p>\n\n\n\n<p>Seg\u00fan trascendi\u00f3 este empresario, pues, son gente de Alvarado y que siempre s\u00ed ser\u00e1 Carlos Vives, hijo de Ren\u00e9 Vives, el due\u00f1o de este equipo veracruzano.. Adem\u00e1s tienen otros negocios en el sistema portuario en Veracruz, sobre todo en concesiones de empresas.. Finalmente, son personajes con alta capacidad financiera de manera personal.. Se les conoce como personas con negocios muy serios y por eso van con todo con el tema del equipo de f\u00fatbol.. AS\u00cd SEA.. AMEN..<\/p>\n","protected":false},"excerpt":{"rendered":"<p>Ricardo Chua Resulta que el PAN no quiere perder lo que tiene en Veracruz y Durango, que ser\u00e1n los dos estados con elecciones municipales en el pa\u00eds durante este 2025.. Y por ello, este pr\u00f3ximo jueves en el municipio de Boca del R\u00edo, estar\u00e1 toda la plana mayor del panismo en el pa\u00eds, encabezado por [&hellip;]<\/p>\n","protected":false},"author":29,"featured_media":169268,"comment_status":"open","ping_status":"open","sticky":false,"template":"","format":"standard","meta":{"_monsterinsights_skip_tracking":false,"_monsterinsights_sitenote_active":false,"_monsterinsights_sitenote_note":"","_monsterinsights_sitenote_category":0,"footnotes":""},"categories":[245],"tags":[327],"class_list":["post-169267","post","type-post","status-publish","format-standard","has-post-thumbnail","hentry","category-dialogos-de-poder","tag-ricardo-chua","wp-image-borders"],"amp_enabled":true,"_links":{"self":[{"href":"https:\/\/nvnoticias.mx\/index.php\/wp-json\/wp\/v2\/posts\/169267","targetHints":{"allow":["GET"]}}],"collection":[{"href":"https:\/\/nvnoticias.mx\/index.php\/wp-json\/wp\/v2\/posts"}],"about":[{"href":"https:\/\/nvnoticias.mx\/index.php\/wp-json\/wp\/v2\/types\/post"}],"author":[{"embeddable":true,"href":"https:\/\/nvnoticias.mx\/index.php\/wp-json\/wp\/v2\/users\/29"}],"replies":[{"embeddable":true,"href":"https:\/\/nvnoticias.mx\/index.php\/wp-json\/wp\/v2\/comments?post=169267"}],"version-history":[{"count":1,"href":"https:\/\/nvnoticias.mx\/index.php\/wp-json\/wp\/v2\/posts\/169267\/revisions"}],"predecessor-version":[{"id":169269,"href":"https:\/\/nvnoticias.mx\/index.php\/wp-json\/wp\/v2\/posts\/169267\/revisions\/169269"}],"wp:featuredmedia":[{"embeddable":true,"href":"https:\/\/nvnoticias.mx\/index.php\/wp-json\/wp\/v2\/media\/169268"}],"wp:attachment":[{"href":"https:\/\/nvnoticias.mx\/index.php\/wp-json\/wp\/v2\/media?parent=169267"}],"wp:term":[{"taxonomy":"category","embeddable":true,"href":"https:\/\/nvnoticias.mx\/index.php\/wp-json\/wp\/v2\/categories?post=169267"},{"taxonomy":"post_tag","embeddable":true,"href":"https:\/\/nvnoticias.mx\/index.php\/wp-json\/wp\/v2\/tags?post=169267"}],"curies":[{"name":"wp","href":"https:\/\/api.w.org\/{rel}","templated":true}]}}