{"id":169258,"date":"2025-01-10T16:27:11","date_gmt":"2025-01-10T22:27:11","guid":{"rendered":"https:\/\/nvnoticias.mx\/?p=169258"},"modified":"2025-01-10T16:27:13","modified_gmt":"2025-01-10T22:27:13","slug":"no-habra-aumento-a-la-tarifa-de-hoteles-y-moteles-en-veracruz","status":"publish","type":"post","link":"https:\/\/nvnoticias.mx\/index.php\/2025\/01\/10\/no-habra-aumento-a-la-tarifa-de-hoteles-y-moteles-en-veracruz\/","title":{"rendered":"No habr\u00e1 aumento a la tarifa de hoteles y moteles en Veracruz"},"content":{"rendered":"\n<p><\/p>\n\n\n\n<p><strong>Jes\u00fas Utrilla \/ NV Noticias<\/strong><\/p>\n\n\n\n<p>A pesar de la inflaci\u00f3n que suele registrarse al inicio de cada a\u00f1o, en este 2025 no se prev\u00e9 un incremento generalizado en las tarifas de hoteles y moteles en la regi\u00f3n, inform\u00f3 el presidente del Consejo Metropolitano de Turismo (COMETUR), Sergio Lois Heredia.<\/p>\n\n\n\n<p>De acuerdo con el empresario, los precios de los hospedajes estar\u00e1n determinados principalmente por la oferta y la demanda, con tarifas m\u00e1s altas durante temporadas vacacionales como Semana Santa, verano e invierno, as\u00ed como en fines de semana largos. <\/p>\n\n\n\n<p>Sin embargo, fuera de estas fechas, los precios podr\u00edan mantenerse m\u00e1s accesibles.<\/p>\n\n\n\n<p>En el caso de los hoteles, las tarifas no est\u00e1n sujetas a incrementos fijos, ya que dependen del comportamiento del mercado.<\/p>\n\n\n\n<p>\u201cEs complicado decir si se actualizar\u00e1n los precios en un porcentaje fijo, porque eso depende de la afluencia tur\u00edstica. Si en un puente vacacional hay buena ocupaci\u00f3n, los precios tienden a ser m\u00e1s altos; si la demanda es baja, se ajustan a la baja. Esto sucede tanto en Veracruz como en cualquier otro destino tur\u00edstico del mundo\u201d, explic\u00f3.<\/p>\n\n\n\n<p>Por otro lado, mencion\u00f3 que el comportamiento tarifario en los moteles es diferente, ya que no dependen tanto del turismo, sino del consumo local. <\/p>\n\n\n\n<p>En este caso, se suelen tomar decisiones anuales sobre ajustes en los precios, especialmente en tarifas por uso temporal o por noche. No obstante, para este a\u00f1o, no hay planes de aumentar estos costos.<\/p>\n\n\n\n<p>A diferencia de otros sectores como el restaurantero, donde los aumentos en insumos impactan directamente en las tarifas, el sector hotelero tiene mayor flexibilidad al depender del flujo de visitantes. <\/p>\n\n\n\n<p>Esto permite a los hoteles de Veracruz adaptarse a las condiciones del mercado, manteniendo la competitividad como destino tur\u00edstico, explic\u00f3.<\/p>\n\n\n\n<p><\/p>\n","protected":false},"excerpt":{"rendered":"<p>Jes\u00fas Utrilla \/ NV Noticias A pesar de la inflaci\u00f3n que suele registrarse al inicio de cada a\u00f1o, en este 2025 no se prev\u00e9 un incremento generalizado en las tarifas de hoteles y moteles en la regi\u00f3n, inform\u00f3 el presidente del Consejo Metropolitano de Turismo (COMETUR), Sergio Lois Heredia. De acuerdo con el empresario, los [&hellip;]<\/p>\n","protected":false},"author":8,"featured_media":126205,"comment_status":"open","ping_status":"open","sticky":false,"template":"","format":"standard","meta":{"_monsterinsights_skip_tracking":false,"_monsterinsights_sitenote_active":false,"_monsterinsights_sitenote_note":"","_monsterinsights_sitenote_category":0,"footnotes":""},"categories":[154],"tags":[3109,742,1050],"class_list":["post-169258","post","type-post","status-publish","format-standard","has-post-thumbnail","hentry","category-veracruz","tag-aumento","tag-hoteles","tag-tarifas","wp-image-borders"],"amp_enabled":true,"_links":{"self":[{"href":"https:\/\/nvnoticias.mx\/index.php\/wp-json\/wp\/v2\/posts\/169258","targetHints":{"allow":["GET"]}}],"collection":[{"href":"https:\/\/nvnoticias.mx\/index.php\/wp-json\/wp\/v2\/posts"}],"about":[{"href":"https:\/\/nvnoticias.mx\/index.php\/wp-json\/wp\/v2\/types\/post"}],"author":[{"embeddable":true,"href":"https:\/\/nvnoticias.mx\/index.php\/wp-json\/wp\/v2\/users\/8"}],"replies":[{"embeddable":true,"href":"https:\/\/nvnoticias.mx\/index.php\/wp-json\/wp\/v2\/comments?post=169258"}],"version-history":[{"count":1,"href":"https:\/\/nvnoticias.mx\/index.php\/wp-json\/wp\/v2\/posts\/169258\/revisions"}],"predecessor-version":[{"id":169259,"href":"https:\/\/nvnoticias.mx\/index.php\/wp-json\/wp\/v2\/posts\/169258\/revisions\/169259"}],"wp:featuredmedia":[{"embeddable":true,"href":"https:\/\/nvnoticias.mx\/index.php\/wp-json\/wp\/v2\/media\/126205"}],"wp:attachment":[{"href":"https:\/\/nvnoticias.mx\/index.php\/wp-json\/wp\/v2\/media?parent=169258"}],"wp:term":[{"taxonomy":"category","embeddable":true,"href":"https:\/\/nvnoticias.mx\/index.php\/wp-json\/wp\/v2\/categories?post=169258"},{"taxonomy":"post_tag","embeddable":true,"href":"https:\/\/nvnoticias.mx\/index.php\/wp-json\/wp\/v2\/tags?post=169258"}],"curies":[{"name":"wp","href":"https:\/\/api.w.org\/{rel}","templated":true}]}}