{"id":169198,"date":"2025-01-10T11:54:34","date_gmt":"2025-01-10T17:54:34","guid":{"rendered":"https:\/\/nvnoticias.mx\/?p=169198"},"modified":"2025-01-10T11:54:36","modified_gmt":"2025-01-10T17:54:36","slug":"ex-secretario-de-turismo-va-por-candidatura-de-morena-en-xalapa","status":"publish","type":"post","link":"https:\/\/nvnoticias.mx\/index.php\/2025\/01\/10\/ex-secretario-de-turismo-va-por-candidatura-de-morena-en-xalapa\/","title":{"rendered":"Ex secretario de Turismo va por candidatura de Morena en Xalapa"},"content":{"rendered":"\n<p><\/p>\n\n\n\n<p><strong>Sam Ojeda \/ NV Noticias<\/strong><\/p>\n\n\n\n<p>Xalapa.- El ex secretario de Turismo, Iv\u00e1n Mart\u00ednez Olvera, confirm\u00f3 que se inscribi\u00f3 en el proceso interno de Morena para la selecci\u00f3n de candidatos a la presidencia municipal, en este caso de Xalapa.<\/p>\n\n\n\n<p>Dijo confiar en el proceso interno de su partido aunque se\u00f1al\u00f3 que para garantizar \u201cpiso parejo\u201d entre los aspirantes, ser\u00eda positivo que aquellos que ostenten cargos pidan licencia. <\/p>\n\n\n\n<p>\u201cEs v\u00e1lido, es legal (permanecer en el cargo)  pero s\u00ed ser\u00eda lo mejor para que el piso sea cien por ciento parejo\u201d, dijo.<\/p>\n\n\n\n<p>Adem\u00e1s hizo un llamado para que los aspirantes se unan e impulsen al perfil que resulte ganador en la encuesta que realizar\u00e1 el partido Morena.<\/p>\n\n\n\n<p>\u201cQuien sea el ganador de esta encuesta todos debemos de respetarlo y sumarnos en unidad, aqu\u00ed no hay nadie que sea m\u00e1s o menos&#8221;.<\/p>\n\n\n\n<p>Mart\u00ednez Olvera consider\u00f3 que entre quienes se registraron para ser candidatos a la presidencia municipal de Xalapa hay quienes presentan una imagen fresca y quienes optan por algo m\u00e1s \u201ccl\u00e1sico\u201d.<\/p>\n\n\n\n<p>\u201cCualquier diferencia de posturas son v\u00e1lidas y si el partido toma una decisi\u00f3n ya sea para hombre o mujer debemos de sumarnos y participar\u201d.<\/p>\n","protected":false},"excerpt":{"rendered":"<p>Sam Ojeda \/ NV Noticias Xalapa.- El ex secretario de Turismo, Iv\u00e1n Mart\u00ednez Olvera, confirm\u00f3 que se inscribi\u00f3 en el proceso interno de Morena para la selecci\u00f3n de candidatos a la presidencia municipal, en este caso de Xalapa. Dijo confiar en el proceso interno de su partido aunque se\u00f1al\u00f3 que para garantizar \u201cpiso parejo\u201d entre [&hellip;]<\/p>\n","protected":false},"author":8,"featured_media":169200,"comment_status":"open","ping_status":"open","sticky":false,"template":"","format":"standard","meta":{"_monsterinsights_skip_tracking":false,"_monsterinsights_sitenote_active":false,"_monsterinsights_sitenote_note":"","_monsterinsights_sitenote_category":0,"footnotes":""},"categories":[156],"tags":[1975,22817,252,312],"class_list":["post-169198","post","type-post","status-publish","format-standard","has-post-thumbnail","hentry","category-estado","tag-candidatura","tag-ivan-martinez-olvera","tag-morena","tag-xalapa","wp-image-borders"],"amp_enabled":true,"_links":{"self":[{"href":"https:\/\/nvnoticias.mx\/index.php\/wp-json\/wp\/v2\/posts\/169198","targetHints":{"allow":["GET"]}}],"collection":[{"href":"https:\/\/nvnoticias.mx\/index.php\/wp-json\/wp\/v2\/posts"}],"about":[{"href":"https:\/\/nvnoticias.mx\/index.php\/wp-json\/wp\/v2\/types\/post"}],"author":[{"embeddable":true,"href":"https:\/\/nvnoticias.mx\/index.php\/wp-json\/wp\/v2\/users\/8"}],"replies":[{"embeddable":true,"href":"https:\/\/nvnoticias.mx\/index.php\/wp-json\/wp\/v2\/comments?post=169198"}],"version-history":[{"count":1,"href":"https:\/\/nvnoticias.mx\/index.php\/wp-json\/wp\/v2\/posts\/169198\/revisions"}],"predecessor-version":[{"id":169201,"href":"https:\/\/nvnoticias.mx\/index.php\/wp-json\/wp\/v2\/posts\/169198\/revisions\/169201"}],"wp:featuredmedia":[{"embeddable":true,"href":"https:\/\/nvnoticias.mx\/index.php\/wp-json\/wp\/v2\/media\/169200"}],"wp:attachment":[{"href":"https:\/\/nvnoticias.mx\/index.php\/wp-json\/wp\/v2\/media?parent=169198"}],"wp:term":[{"taxonomy":"category","embeddable":true,"href":"https:\/\/nvnoticias.mx\/index.php\/wp-json\/wp\/v2\/categories?post=169198"},{"taxonomy":"post_tag","embeddable":true,"href":"https:\/\/nvnoticias.mx\/index.php\/wp-json\/wp\/v2\/tags?post=169198"}],"curies":[{"name":"wp","href":"https:\/\/api.w.org\/{rel}","templated":true}]}}