{"id":16917,"date":"2021-06-23T12:55:29","date_gmt":"2021-06-23T17:55:29","guid":{"rendered":"https:\/\/nvnoticias.mx\/?p=16917"},"modified":"2021-06-23T12:55:29","modified_gmt":"2021-06-23T17:55:29","slug":"un-dia-del-padre-en-el-nido-del-aguila-9-anos-despues","status":"publish","type":"post","link":"https:\/\/nvnoticias.mx\/index.php\/2021\/06\/23\/un-dia-del-padre-en-el-nido-del-aguila-9-anos-despues\/","title":{"rendered":"Un d\u00eda del padre en el nido del \u00c1guila 9 a\u00f1os despu\u00e9s\u2026"},"content":{"rendered":"\n<p><strong>Un d\u00eda del padre en el nido del \u00e1guila 9 a\u00f1os despu\u00e9s\u2026<\/strong><\/p>\n\n\n\n<p>Por: Miguel Salvador Rodr\u00edguez Azueta<\/p>\n\n\n\n<p>Ximena ten\u00eda 10 a\u00f1os cuando la lleve al Estadio Beto \u00c1vila y 11 cuando el \u00e1guila se coron\u00f3 campe\u00f3n de la liga mexicana contra los Rieleros de Aguascalientes.<\/p>\n\n\n\n<p>9 a\u00f1os despu\u00e9s est\u00e1bamos de regreso, padre e hija en un d\u00eda especial, celebrando la paternidad y a plomo con la pensi\u00f3n vencida.<\/p>\n\n\n\n<p>Es cierto, ya no \u00e9ramos los mismos y me lo demostraba el sexto bot\u00f3n de mi jersey de las glorias pasadas y ni que decir de la playera del campeonato que acab\u00f3 como trapo de limpieza.<\/p>\n\n\n\n<p>Emocionados, eso s\u00ed, por regresar al nido acompa\u00f1ado por aquella ni\u00f1a que jugaba con sus amiguitos entre las plateas mientras yo hac\u00eda corajes y entripados con los partidos.<\/p>\n\n\n\n<p>La primera impresi\u00f3n que tuve con la remodelaci\u00f3n fue de sentirme orgullo de contar con un estadio moderno, sin embargo, poco me duro el gusto cuando casi me infarto al ver los costos de las localidades.<\/p>\n\n\n\n<blockquote class=\"wp-block-quote is-layout-flow wp-block-quote-is-layout-flow\"><p>\u00a1Oiga, pero si no estamos en el Yankee Stadium! &#8211; le dije a la taquillera quien presto o\u00eddos sordos a mi sarcasmo y se limit\u00f3 a cobrarme el boleto de mi invitada, porque por ser d\u00eda del padre el deudor alimentario entraba de hoquis.<\/p><\/blockquote>\n\n\n\n<p>Las localidades de gayola &#8211; las m\u00e1s baratas- estaban agotadas, as\u00ed que tuve que pagar mis 240 pesitos, para nuestro espacio con certificado de humildad, eso s\u00ed, la taquillera me advirti\u00f3 que la maquina no daba recibos y como dato extra los boletos entregados marcaban $0 pesos, como si los dos fueran promoci\u00f3n.<\/p>\n\n\n\n<p>Camino a la entrada los revendedores sin ning\u00fan empacho ofrec\u00edan los boletos de 100 pesos, los que en la taquilla estaban agotados \u00bfD\u00f3nde est\u00e1 la autoridad?, afuera no; eso s\u00ed, adentro parec\u00eda un evento del presidente, porque marinos, guardia nacional y seguridad privada pululaban.<\/p>\n\n\n\n<p>Llegamos a la 4\u00aa entrada, los Leones de Yucat\u00e1n estaban siendo apaleados por nuestras \u00c1guilas; contento y orgulloso observe las nuevas instalaciones recientemente remodeladas, con sus c\u00f3modos asientos y en las alturas espacios fifis tipo celda de Hannibal Lecter, a donde no pienso jam\u00e1s aspirar, no porque sea yo un clasemediero humanista, sino porque el desmadre est\u00e1 en la llanura, con el pueblo bueno.<\/p>\n\n\n\n<p>Ya instalados en nuestros c\u00f3modos asientos al lado derecho del campo empec\u00e9 a notar algunos cambios que me hicieron recordar el coraje que tenia por no haber sido invitado a la inauguraci\u00f3n, despu\u00e9s de que la chica de prensa Paola R\u00edos me hab\u00eda pedido cierta informaci\u00f3n hist\u00f3rica sobre un parque llamado Docurro donde jugo el \u00e1guila en los primeros a\u00f1os del siglo XX.<\/p>\n\n\n\n<p>Anduve investigando en el Dictamen y hasta una entrevista con Luis \u00c1lvarez de 95 a\u00f1os le consegu\u00ed y pues con aquella frase de luego le llamo, as\u00ed me quede esperando la llamada, aunado a la invitaci\u00f3n plantada de mi compadre Jorge Luis Fern\u00e1ndez Bravo, que bueno esa ser\u00e1 otra historia.<\/p>\n\n\n\n<p>Bueno, bueno, cero corajes me dije, aqu\u00ed vengo con mi invitada y a disfrutar del partido y del ambiente jarocho&#8230; pero \u2026 \u00bfCu\u00e1l?&nbsp; Mis queridos lectores de esta breve cr\u00f3nica, el ambiente en el estadio m\u00e1s parec\u00eda el de un Estadio de Mazatl\u00e1n o de cualquier otro lugar menos de Veracruz, me explico.<\/p>\n\n\n\n<p>La cl\u00e1sica batucada brillaba por su ausencia, el m\u00edstico \u00e1guila roja, aquel personaje popular que gritaba: \u201cAhora, ahora\u201d no estaba, la m\u00fasica era norte\u00f1a y a lo mejor seleccionada por la chica que me dejo esperando la llamada, los comentaristas deportivos ten\u00edan atole en las venas, con decirles que un grit\u00f3n beodo, pero muy simp\u00e1tico al que apodamos \u201cPecho, pecho\u201d \u2013 porque gritaba que el pitcher tirara al pecho- lo sacaron del estadio los de seguridad por eso, \u00a1por estar gritando!<\/p>\n\n\n\n<p>\u00a1No pues guau! &#8211; dijesen los millennials.<\/p>\n\n\n\n<p>Algo esta sucediendo en el estadio, espero que sea modificado, porque sino va a seguir con solo dos patrocinadores veracruzanos que son los que tienen letreros publicitarios en el interior.<\/p>\n\n\n\n<p>Preguntando aqu\u00ed y all\u00e1, obtuve algunos datos que voy a ir ampliando, que, si el gerente no es veracruzano, que la de relaciones publicas dejo en visto a la prensa local, etc., etc., esperemos que el ambiente jarocho regrese al nido.<\/p>\n","protected":false},"excerpt":{"rendered":"<p>Un d\u00eda del padre en el nido del \u00e1guila 9 a\u00f1os despu\u00e9s\u2026 Por: Miguel Salvador Rodr\u00edguez Azueta Ximena ten\u00eda 10 a\u00f1os cuando la lleve al Estadio Beto \u00c1vila y 11 cuando el \u00e1guila se coron\u00f3 campe\u00f3n de la liga mexicana contra los Rieleros de Aguascalientes. 9 a\u00f1os despu\u00e9s est\u00e1bamos de regreso, padre e hija en [&hellip;]<\/p>\n","protected":false},"author":30,"featured_media":15135,"comment_status":"open","ping_status":"open","sticky":false,"template":"","format":"standard","meta":{"_monsterinsights_skip_tracking":false,"_monsterinsights_sitenote_active":false,"_monsterinsights_sitenote_note":"","_monsterinsights_sitenote_category":0,"footnotes":""},"categories":[332],"tags":[333],"class_list":["post-16917","post","type-post","status-publish","format-standard","has-post-thumbnail","hentry","category-veracruz-en-la-cultura","tag-miguel-salvador-rodriguez-azueta","wp-image-borders"],"amp_enabled":true,"_links":{"self":[{"href":"https:\/\/nvnoticias.mx\/index.php\/wp-json\/wp\/v2\/posts\/16917","targetHints":{"allow":["GET"]}}],"collection":[{"href":"https:\/\/nvnoticias.mx\/index.php\/wp-json\/wp\/v2\/posts"}],"about":[{"href":"https:\/\/nvnoticias.mx\/index.php\/wp-json\/wp\/v2\/types\/post"}],"author":[{"embeddable":true,"href":"https:\/\/nvnoticias.mx\/index.php\/wp-json\/wp\/v2\/users\/30"}],"replies":[{"embeddable":true,"href":"https:\/\/nvnoticias.mx\/index.php\/wp-json\/wp\/v2\/comments?post=16917"}],"version-history":[{"count":1,"href":"https:\/\/nvnoticias.mx\/index.php\/wp-json\/wp\/v2\/posts\/16917\/revisions"}],"predecessor-version":[{"id":16918,"href":"https:\/\/nvnoticias.mx\/index.php\/wp-json\/wp\/v2\/posts\/16917\/revisions\/16918"}],"wp:featuredmedia":[{"embeddable":true,"href":"https:\/\/nvnoticias.mx\/index.php\/wp-json\/wp\/v2\/media\/15135"}],"wp:attachment":[{"href":"https:\/\/nvnoticias.mx\/index.php\/wp-json\/wp\/v2\/media?parent=16917"}],"wp:term":[{"taxonomy":"category","embeddable":true,"href":"https:\/\/nvnoticias.mx\/index.php\/wp-json\/wp\/v2\/categories?post=16917"},{"taxonomy":"post_tag","embeddable":true,"href":"https:\/\/nvnoticias.mx\/index.php\/wp-json\/wp\/v2\/tags?post=16917"}],"curies":[{"name":"wp","href":"https:\/\/api.w.org\/{rel}","templated":true}]}}