{"id":168943,"date":"2025-01-08T09:10:47","date_gmt":"2025-01-08T15:10:47","guid":{"rendered":"https:\/\/nvnoticias.mx\/?p=168943"},"modified":"2025-01-08T09:11:20","modified_gmt":"2025-01-08T15:11:20","slug":"enrique-alfaro-en-madrid","status":"publish","type":"post","link":"https:\/\/nvnoticias.mx\/index.php\/2025\/01\/08\/enrique-alfaro-en-madrid\/","title":{"rendered":"Enrique Alfaro en Madrid"},"content":{"rendered":"\n<p><\/p>\n\n\n\n<p><strong>Ricardo Chua<\/strong><\/p>\n\n\n\n<p>El ex gobernador de Jalisco, Enrique Alfaro anda en Madrid, Espa\u00f1a, despu\u00e9s de entregar el poder a Pablo Lemus.. Y no, no fue alcanzar a Ciro G\u00f3mez Leyva, ni a Felipe Calder\u00f3n.. Fue hacer un curso de entrenador de equipo de f\u00fatbol soccer, que dura 2 a\u00f1os.. Se imaginan, Alfaro regresando en 2027.. Entrenando y haciendo campe\u00f3n al &#8220;Chivas&#8221; de Guadalajara.. Ja Ja Ja.. Si lo hace se querr\u00e1 subir a la carrera Presidencial.. Si Samuel Garc\u00eda lo hizo por Tik-Tok porque Alfaro no lo har\u00eda por el soccer.. Es m\u00e1s popular..<\/p>\n\n\n\n<p>Adem\u00e1s hay que ver el caso de Cuauht\u00e9moc Blanco.. Ya fue alcalde, gobernador, ahora es diputado federal.. Qui\u00e9n dice que el f\u00fatbol, no va ligado a la pol\u00edtica en M\u00e9xico.. Y m\u00e1s con &#8220;Las Chivas&#8221; de Guadalajara.. Dante es un &#8220;viejo zorro&#8221; y Alfaro entiende muy bien esto de la pol\u00edtica ficci\u00f3n.. Adem\u00e1s se ve serio y no &#8220;Fosfo Fosfo&#8221;.. Y ya reconciliados, esto puede ser un &#8220;gol al \u00e1ngulo&#8221; para el 2030.. D\u00f3nde MORENA no lo vea pasar y Enrique Alfaro entre por all\u00e1.. Ah\u00ed donde las ara\u00f1as hacen su nido.. A lo mejor, Amaury Vergara hasta lo hace t\u00e9cnico del &#8220;reba\u00f1o&#8221;.. EL QUE ENTENDI\u00d3, ENTENDI\u00d3..<\/p>\n\n\n\n<p>ALVARADO, LA DECISI\u00d3N DE &#8220;ANDY&#8221;.. En la comarca de Do\u00f1a &#8220;Tella&#8221;, el heroico puerto de Alvarado, en MORENA los aspirantes andan &#8220;acelerados&#8221; diciendo que son los &#8220;buenos&#8221; y que ser\u00e1n los candidatos a la alcald\u00eda de este municipio por este partido.. Pero todos ellos, se han olvidado de un FACTOR IMPORTANTE.. El &#8220;tapado o tapada&#8221; no ser\u00e1 el o la que GANE la encuesta.. Eso es una falacia.. El candidato ser\u00e1 el que DESIGNE desde el comit\u00e9 nacional de este organismo, Andr\u00e9s Manuel L\u00f3pez Beltr\u00e1n, el secretario de Organizaci\u00f3n del CEN.. NO HAY M\u00c1S..<\/p>\n\n\n\n<p>Esto por si a nadie le ha quedado claro, quien es el personaje el que va decidir quienes ser\u00e1n los personajes que van como candidatos a las 212 alcald\u00edas en Veracruz.. Incluido Alvarado, por supuesto.. La alianza MORENA-PVEM.PT s\u00f3lo es para la foto.. Tanto los &#8220;verdes&#8221; como los &#8220;petistas&#8221; saben que s\u00f3lo son acompa\u00f1antes y que no meten ni las manos.. Toda la decisi\u00f3n recae en &#8220;Andy&#8221;.. As\u00ed que los inscritos en el proceso interno para elegir candidato en MORENA, no tienen que &#8220;sudar calenturas ajenas&#8221;.. Tendr\u00e1n que esperar la decisi\u00f3n final del CEN de &#8220;ya saben quien&#8221;..<\/p>\n\n\n\n<p>Si todo sigue la RUTA MARCADA por MORENA.. Sus perfiles de candidatos van a crecer, ya no ser\u00e1 cualquier &#8220;hijo de vecino&#8221; o t\u00f3mbola.. Los que aspiren por Alvarado, deben tener calma.. No requieren andar regalando &#8220;roscas&#8221;, ni mandar camiones.. Esta candidatura se resolver\u00e1 en la MESA DE &#8220;ANDY&#8221; en CDMX.. No en Xalapa, menos en ese puerto.. Lo \u00fanico que tendr\u00e1 que hacer el designado, es sumar a los grupos.. No habr\u00e1 reclamos, ni &#8220;fracturas&#8221;.. Son MORENA y se disciplinan a lo que decida AMLOB.. As\u00ed que ni gasten, ni se desgasten.. AMEN..<\/p>\n\n\n\n<p>REFLEXI\u00d3N.. Muchos aspirantes a ser candidatos de MORENA a la alcald\u00eda de Alvarado podr\u00e1n decir &#8220;misa&#8221;.. Pero esa decisi\u00f3n, es de L\u00f3pez Beltr\u00e1n con acuerdos tomados con Roc\u00edo Nahle.. Por eso, ella est\u00e1 dejando &#8220;correr&#8221; a todos..&#8221; Dales a todos, a todos est\u00e1s en campa\u00f1a&#8221; (Sabia frase del pol\u00edtico m\u00e1s aventajado de Veracruz).. Pero a la hora de la decisi\u00f3n.. Se &#8220;soltar\u00e1n los demonios&#8221; y muchos de los inscritos, se quedan en el camino.. Una t\u00e9cnica aplicada en 2007 y 2010.. Hasta parece que no se dan cuenta que en MORENA act\u00faan con &#8220;Fideli\u00f1as&#8221;\u2026 EL QUE ENTENDI\u00d3, LO ENTENDI\u00d3..<\/p>\n\n\n\n<p>PETROLEROS DEL SUR DE VERACRUZ CON RICARDO ALDANA.. Vaya que tuvo qu\u00f3rum en su toma de protesta como dirigente nacional del sindicato de trabajadores petroleros, el veracruzano, Ricardo Aldana Prieto.. Ya que dirigentes de las secciones 9, 10, 11, 22, 16, 26, 31 y 47, David Nadim Reyna, Jorge Wade, Manuel Toledo, H\u00e9ctor M\u00e1rquez, Roberto Wong, Omar Ric\u00e1rdez, Carlos Jim\u00e9nez, Margot Casta\u00f1eda, V\u00edctor Hern\u00e1ndez y Jos\u00e9 Antonio Toledo le dieron todo el apoyo en la asamblea en que asumi\u00f3 por segunda ocasi\u00f3n la secretar\u00eda general del STPRM..<\/p>\n\n\n\n<p>Esta semana fue en la sede nacional del Sindicato Petrolero.. Donde se llev\u00f3 a cabo la toma de protesta del dirigente sindical, luego que en noviembre de 2024, fue elegido en el proceso al interior del STPRM.. El apoyo principal de Aldana Prieto vino directamente de David Nadim Reyna, secretario general de la Secci\u00f3n 9 del puerto de Veracruz, que ha resultado ser un l\u00edder con una s\u00f3lida base petrolera.. Donde su fuerza la obtenido por el resultados y eficiencia, que ha hecho de la transparencia y rendici\u00f3n de cuentas su mayor activo..<\/p>\n\n\n\n<p>Cabe se\u00f1alar, que Manuel de Jes\u00fas Toledo Vera representa los intereses de los socios de la Secci\u00f3n 11 de Nanchital, un hombre con vasta experiencia, forjado al lado de su mentor y gu\u00eda, el l\u00edder moral de la organizaci\u00f3n, don Ram\u00f3n Hern\u00e1ndez Toledo.. Roberto Wong Garc\u00eda es el nuevo secretario general de la Secci\u00f3n 22, formado en el equipo de M\u00e1rquez Acopa.. Es un l\u00edder curtido en la batalla, conocedor del tema sindical y la relaci\u00f3n con Petr\u00f3leos Mexicanos, escuchado por su gremio, al que le ha inculcado la unidad como factor para preservar la defensa de sus derechos.. Ah\u00ed la llevan.. AMEN..<\/p>\n","protected":false},"excerpt":{"rendered":"<p>Ricardo Chua El ex gobernador de Jalisco, Enrique Alfaro anda en Madrid, Espa\u00f1a, despu\u00e9s de entregar el poder a Pablo Lemus.. Y no, no fue alcanzar a Ciro G\u00f3mez Leyva, ni a Felipe Calder\u00f3n.. Fue hacer un curso de entrenador de equipo de f\u00fatbol soccer, que dura 2 a\u00f1os.. Se imaginan, Alfaro regresando en 2027.. [&hellip;]<\/p>\n","protected":false},"author":29,"featured_media":168944,"comment_status":"open","ping_status":"open","sticky":false,"template":"","format":"standard","meta":{"_monsterinsights_skip_tracking":false,"_monsterinsights_sitenote_active":false,"_monsterinsights_sitenote_note":"","_monsterinsights_sitenote_category":0,"footnotes":""},"categories":[245],"tags":[327],"class_list":["post-168943","post","type-post","status-publish","format-standard","has-post-thumbnail","hentry","category-dialogos-de-poder","tag-ricardo-chua","wp-image-borders"],"amp_enabled":true,"_links":{"self":[{"href":"https:\/\/nvnoticias.mx\/index.php\/wp-json\/wp\/v2\/posts\/168943","targetHints":{"allow":["GET"]}}],"collection":[{"href":"https:\/\/nvnoticias.mx\/index.php\/wp-json\/wp\/v2\/posts"}],"about":[{"href":"https:\/\/nvnoticias.mx\/index.php\/wp-json\/wp\/v2\/types\/post"}],"author":[{"embeddable":true,"href":"https:\/\/nvnoticias.mx\/index.php\/wp-json\/wp\/v2\/users\/29"}],"replies":[{"embeddable":true,"href":"https:\/\/nvnoticias.mx\/index.php\/wp-json\/wp\/v2\/comments?post=168943"}],"version-history":[{"count":2,"href":"https:\/\/nvnoticias.mx\/index.php\/wp-json\/wp\/v2\/posts\/168943\/revisions"}],"predecessor-version":[{"id":168946,"href":"https:\/\/nvnoticias.mx\/index.php\/wp-json\/wp\/v2\/posts\/168943\/revisions\/168946"}],"wp:featuredmedia":[{"embeddable":true,"href":"https:\/\/nvnoticias.mx\/index.php\/wp-json\/wp\/v2\/media\/168944"}],"wp:attachment":[{"href":"https:\/\/nvnoticias.mx\/index.php\/wp-json\/wp\/v2\/media?parent=168943"}],"wp:term":[{"taxonomy":"category","embeddable":true,"href":"https:\/\/nvnoticias.mx\/index.php\/wp-json\/wp\/v2\/categories?post=168943"},{"taxonomy":"post_tag","embeddable":true,"href":"https:\/\/nvnoticias.mx\/index.php\/wp-json\/wp\/v2\/tags?post=168943"}],"curies":[{"name":"wp","href":"https:\/\/api.w.org\/{rel}","templated":true}]}}