{"id":168825,"date":"2025-01-07T09:21:46","date_gmt":"2025-01-07T15:21:46","guid":{"rendered":"https:\/\/nvnoticias.mx\/?p=168825"},"modified":"2025-01-07T09:21:48","modified_gmt":"2025-01-07T15:21:48","slug":"vienen-las-comparecencias-de-organismos-autonomos","status":"publish","type":"post","link":"https:\/\/nvnoticias.mx\/index.php\/2025\/01\/07\/vienen-las-comparecencias-de-organismos-autonomos\/","title":{"rendered":"Vienen las comparecencias de organismos aut\u00f3nomos"},"content":{"rendered":"\n<p><\/p>\n\n\n\n<p>CAF\u00c9 DE MA\u00d1ANA<br><strong>Por Jos\u00e9 Luis Enr\u00edquez Ambell<\/strong><\/p>\n\n\n\n<p>En unas horas, el pleno del Congreso de Veracruz discutir\u00e1 y aprobar\u00e1 el calendario de las comparecencias de los titulares cinco de los Organismos Aut\u00f3nomos, lo que suceder\u00e1 durante la segunda quincena de este primer mes del a\u00f1o.<\/p>\n\n\n\n<p>Y es que, primeramente el punto se estar\u00eda por acordar en la Junta de Coordinaci\u00f3n Pol\u00edtica\u00a0(Jucopo), para que los titulares de los organismos aut\u00f3nomos asistan a la sede del Poder Legislativo y ante las Comisiones Permanentes respectivas, ampl\u00eden la informaci\u00f3n correspondiente a todas las acciones realizadas durante un a\u00f1o\u00a0y as\u00ed pues, atender y responder a posible cuestionamientos que les formulen las diputadas y diputados, previo formato establecido por los grupos legislativos.<\/p>\n\n\n\n<p>No se esperan comparecencias que calienten el ambiente, pero s\u00ed parece haber condiciones de alguna posible discusi\u00f3n o discusiones con titulares de Organismos Aut\u00f3nomos que han venido siendo cuestionados (as) por diversos actores y sectores sociales.<\/p>\n\n\n\n<p>Ser\u00e1n cinco organismos aut\u00f3nomos los que rendir\u00e1n cuentas a finales de enero, como en d\u00edas pasados lo dijo la Presidenta de la&nbsp;Mesa Directiva del Congreso de Veracruz, Tanya Carola Viveros Ch\u00e1zaro, &#8220;y quien a\u00f1adi\u00f3 que adem\u00e1s de este ejercicio de rendici\u00f3n de cuentas, es necesario mejorar la coordinaci\u00f3n con todos los titulares de los organismos aut\u00f3nomos, y en especial de la&nbsp;Fiscal\u00eda General del Estado&nbsp;(FGE), pues precis\u00f3 que de parte del Poder Legislativo hay toda la apertura&#8221;.<\/p>\n\n\n\n<p>La Fiscal\u00eda General del Estado (FGE), la Comisi\u00f3n Estatal de los Derechos Humanos (CEDH), Auditor\u00eda General del \u00d3rgano de Fiscalizaci\u00f3n Superior (ORFIS), el Instituto Veracruzano de Acceso a la Informaci\u00f3n y Protecci\u00f3n de Datos Personales (IVAI), as\u00ed como la Comisi\u00f3n Estatal para la Atenci\u00f3n y Protecci\u00f3n de los Periodistas (CEAPP).<\/p>\n\n\n\n<p>Cabe decir que el titular de la CEAPP fue nombrado apenas hace unas semanas, y la CEDH tiene varias semanas que no cuenta con titular de la Contralor\u00eda, pues a diferencia de los otros Organismos Aut\u00f3nomos, todos cuentan con titular del \u00f3rgano de control interno, sin que esto motive alguna irregularidad mayor, pero s\u00ed conlleva a que el H. Congreso proceda a convocar, entrevistar y designar al OIC de la CEDH.<\/p>\n\n\n\n<p>Ver\u00f3nica Hern\u00e1ndez, Namiko Matsumoto, Delia Gonz\u00e1lez, David Jim\u00e9nez y Luis Ram\u00edrez tendr\u00e1n que acudir a exponer las acciones y los resultados por el periodo 2024 ante el Congreso.<\/p>\n\n\n\n<p>No se descartan sorpresas en alguna de &#8220;las comPADREcencias&#8221;.<\/p>\n\n\n\n<p>DE SOBREMESA<\/p>\n\n\n\n<p>Desde su creaci\u00f3n estos Organismos Aut\u00f3nomos Constitucionales, tienen caracter\u00edsticas en su estructura como en funciones independientes, aunque la separaci\u00f3n con el gobierno les mantiene en una frontera bastante corta, pues quien les dota de sus recursos es justamente el estado.<\/p>\n\n\n\n<p>UN CAF\u00c9 LECHERO LIGHT<\/p>\n\n\n\n<p>El IVAI est\u00e1 por entrar a un proceso de recomposici\u00f3n y desintegraci\u00f3n, sus recursos en general se repartir\u00e1n a varias dependencias y entidades del gobierno local, como est\u00e1 sucediendo en lo federal con el INAI, y es que sus atribuciones se est\u00e1n redistribuyendo.<\/p>\n\n\n\n<p>UN CAF\u00c9 CON DOBLE CARGA<\/p>\n\n\n\n<p>Se sabe que el costo de la operaci\u00f3n del IVAI es elevado o al menos, no es corto sin llegar a Ilimitado, pero igual e independiente a eso, el reacomodo de las funciones que cumple como ente p\u00fablico, ya deben estar siendo direccionadas para que sean otras instancias del gobierno de Veracruz quienes las atiendan y con ello garantizar los derechos de la poblaci\u00f3n en la materia de Acceso a la Informaci\u00f3n y Protecci\u00f3n de Datos Personales.<\/p>\n\n\n\n<p>UN CAF\u00c9 CON PILONCILLO<\/p>\n\n\n\n<p>Uno de los asuntos relevantes de la desaparici\u00f3n y redise\u00f1o que llevar\u00e1 a la redistribuci\u00f3n de atribuciones de organismos aut\u00f3nomos, es el respeto y la garant\u00eda de todos los derechos laborales de las y los trabajadores que integran estos entes e incluso, los propios recursos presupuestarios de los organismos por desaparecer igual deben ser considerados para el proceso de transici\u00f3n y disoluci\u00f3n, sin da\u00f1o a trabajadores y empleados de todos los entes, en este caso el IVAI.<\/p>\n\n\n\n<p>UN CAF\u00c9 CON CANELA<\/p>\n\n\n\n<p>La visita de supervisi\u00f3n a las obras del Estadio de F\u00fatbol Pirata Fuente por Do\u00f1a Roc\u00edo Nahle, Gobernadora del Estado, manda mensaje de ilusi\u00f3n y emoci\u00f3n a la fanaticada al deporte de las patadas, para que pronto regrese una franquicia profesional de Liga Mx al Coloso del Fraccionamiento Virginia de Boca del R\u00edo.<\/p>\n\n\n\n<p>\u00a1ES CUANTO!<\/p>\n\n\n\n<p>enriquezambell@gmail.com;<br>enamjl62@gmail.com<\/p>\n","protected":false},"excerpt":{"rendered":"<p>CAF\u00c9 DE MA\u00d1ANAPor Jos\u00e9 Luis Enr\u00edquez Ambell En unas horas, el pleno del Congreso de Veracruz discutir\u00e1 y aprobar\u00e1 el calendario de las comparecencias de los titulares cinco de los Organismos Aut\u00f3nomos, lo que suceder\u00e1 durante la segunda quincena de este primer mes del a\u00f1o. Y es que, primeramente el punto se estar\u00eda por acordar [&hellip;]<\/p>\n","protected":false},"author":46,"featured_media":168826,"comment_status":"open","ping_status":"open","sticky":false,"template":"","format":"standard","meta":{"_monsterinsights_skip_tracking":false,"_monsterinsights_sitenote_active":false,"_monsterinsights_sitenote_note":"","_monsterinsights_sitenote_category":0,"footnotes":""},"categories":[18007],"tags":[18008],"class_list":["post-168825","post","type-post","status-publish","format-standard","has-post-thumbnail","hentry","category-cafe-de-manana","tag-jose-luis-enriquez-ambell","wp-image-borders"],"amp_enabled":true,"_links":{"self":[{"href":"https:\/\/nvnoticias.mx\/index.php\/wp-json\/wp\/v2\/posts\/168825","targetHints":{"allow":["GET"]}}],"collection":[{"href":"https:\/\/nvnoticias.mx\/index.php\/wp-json\/wp\/v2\/posts"}],"about":[{"href":"https:\/\/nvnoticias.mx\/index.php\/wp-json\/wp\/v2\/types\/post"}],"author":[{"embeddable":true,"href":"https:\/\/nvnoticias.mx\/index.php\/wp-json\/wp\/v2\/users\/46"}],"replies":[{"embeddable":true,"href":"https:\/\/nvnoticias.mx\/index.php\/wp-json\/wp\/v2\/comments?post=168825"}],"version-history":[{"count":1,"href":"https:\/\/nvnoticias.mx\/index.php\/wp-json\/wp\/v2\/posts\/168825\/revisions"}],"predecessor-version":[{"id":168827,"href":"https:\/\/nvnoticias.mx\/index.php\/wp-json\/wp\/v2\/posts\/168825\/revisions\/168827"}],"wp:featuredmedia":[{"embeddable":true,"href":"https:\/\/nvnoticias.mx\/index.php\/wp-json\/wp\/v2\/media\/168826"}],"wp:attachment":[{"href":"https:\/\/nvnoticias.mx\/index.php\/wp-json\/wp\/v2\/media?parent=168825"}],"wp:term":[{"taxonomy":"category","embeddable":true,"href":"https:\/\/nvnoticias.mx\/index.php\/wp-json\/wp\/v2\/categories?post=168825"},{"taxonomy":"post_tag","embeddable":true,"href":"https:\/\/nvnoticias.mx\/index.php\/wp-json\/wp\/v2\/tags?post=168825"}],"curies":[{"name":"wp","href":"https:\/\/api.w.org\/{rel}","templated":true}]}}