{"id":168460,"date":"2025-01-03T09:38:38","date_gmt":"2025-01-03T15:38:38","guid":{"rendered":"https:\/\/nvnoticias.mx\/?p=168460"},"modified":"2025-01-03T09:38:40","modified_gmt":"2025-01-03T15:38:40","slug":"harfuch-en-veracruz","status":"publish","type":"post","link":"https:\/\/nvnoticias.mx\/index.php\/2025\/01\/03\/harfuch-en-veracruz\/","title":{"rendered":"Harfuch en Veracruz"},"content":{"rendered":"\n<p><\/p>\n\n\n\n<p><strong>Ricardo Chua<\/strong><\/p>\n\n\n\n<p>Cuenta &#8220;Garganta Profunda&#8221; que as\u00ed como lo hizo en Sinaloa.. El secretario de Seguridad P\u00fablica federal, Omar Garc\u00eda Harfuch tiene pensado pasarse unos d\u00edas en Veracruz para empezar a calmar las cosas y que la &#8220;herencia maldita&#8221; dejada por Cuitl\u00e1huac Garc\u00eda Jim\u00e9nez.. No empiece a afectar en demas\u00eda al nuevo gobierno de Roc\u00edo Nahle.. Hecho que podr\u00eda ocurrir m\u00e1s pronto de lo pensado, despu\u00e9s del asesinato del diputado federal del PVEM, Benito Aguas en Zongolica..<\/p>\n\n\n\n<p>Harfuch sabe bien que si estos hechos lo dejan &#8220;correr&#8221; sin tomar medidas.. Muy pronto el Estado se le puede descomponer a la nueva gobernadora de Veracruz.. Sobre todo por las detenciones que hizo de delincuentes de alta peligrosidad en los l\u00edmites de Puebla con Veracruz.. Hace unas semanas y que de esa situaci\u00f3n.. Se hayan dado &#8220;coletazos&#8221; que al final provocaron el cr\u00edmenes pol\u00edticos como el de Benito Aguas.. Sobre todo cuando en esa zona de la sierra veracruzana hay muchos grupos fuera de la ley operando clandestinamente..<\/p>\n\n\n\n<p>Motivo por el cual, el secretario de SSP federal junto con el gobierno del Estado podr\u00edan empezar a implementar estrategias de seguridad e inteligencia para ir en contra de estos grupos delincuenciales, que operan en algunas regiones de Veracruz y en sus l\u00edmites con otros estados del pa\u00eds.. La presencia de Omar Garc\u00eda Harfuch podr\u00eda darle un buen motivo de tranquilidad a Roc\u00edo Nahle.. Ya que en M\u00e9xico se sabe que su presencia es porque as\u00ed la Presidenta, Claudia Sheinbaum, lo quiere.. Y adem\u00e1s no hay de otra.. Si se quiere la pacificaci\u00f3n..<\/p>\n\n\n\n<p>Por esa raz\u00f3n, comentamos en d\u00edas pasados en este mismo espacio.. Que hab\u00eda rumores de que se ven\u00edan eventos &#8220;movidos&#8221; en Veracruz despu\u00e9s de que tomara protesta como gobernadora, Roc\u00edo Nahle.. Pero con el asesinato de Benito Aguas, todo se adelantar\u00e1 y el famoso Operativo &#8220;Enjambre&#8221;, podr\u00eda llegar a la entidad antes de tiempo, aplicado por autoridades de la SSP\u00fablica federal y Fiscal\u00eda General de la Rep\u00fablica.. Para proceder contra autoridades municipales que tengan presuntos v\u00ednculos con grupos fuera de la ley..<\/p>\n\n\n\n<p>Ya que la informaci\u00f3n que corre es que Veracruz, por los \u00edndices de inseguridad dejado por Cuitl\u00e1huac Garc\u00eda.. Ser\u00eda la segunda entidad en la que se aplica tal operativo.. Por eso se preguntaba: \u00bfContra qu\u00e9 alcaldes y mandos polic\u00edacos podr\u00edan proceder?.. Tal como sucedi\u00f3 en el Estado de M\u00e9xico.. Esto ser\u00eda una &#8220;cacer\u00eda&#8221; en Veracruz contra presuntas autoridades con ligas delincuenciales.. Pero los hechos violentos de los \u00faltimos d\u00edas, as\u00ed lo ameritan..<\/p>\n\n\n\n<p>De darse esta acci\u00f3n que estar\u00eda encabezada por Omar Garc\u00eda Harfuch y las nuevas autoridades en Veracruz.. Va a ser de un gran apoyo para Roc\u00edo Nahle, que manda la Presidenta, Claudia Sheinbaum.. Ya que esto ayudar\u00eda a la gobernadora a &#8220;barrer&#8221; todo indicio de autoridades locales, de su partido MORENA como de oposici\u00f3n, de tener nexos con grupos fuera de la ley.. Empezar\u00eda con el &#8220;saneamiento&#8221; en temas de inseguridad de las estructuras de gobierno en Veracruz.. AMEN..<\/p>\n\n\n\n<p>Esto debido a que ya hay muchos sectores sociales y de la poblaci\u00f3n en Veracruz.. Que reclaman a Sheinbaum y Nahle m\u00e1s seguridad en el Estado.. Uno de ellos es la iglesia cat\u00f3lica.. Que est\u00e1 ya muy cr\u00edtica contra los gobiernos de la 4T y de los estados donde gobierna.. Ya que independientemente de los se\u00f1alamientos de temas sociales y econ\u00f3micos.. El principal reclamo es la seguridad que les falta a los veracruzanos.. Y que no ha podido resolver en todo el pa\u00eds..<\/p>\n\n\n\n<p>Las principales cr\u00edticas de obispos y prelados son por la inseguridad.. Y son muy fuertes como nunca antes.. Se escuchan en las homil\u00edas dominicales de la iglesia cat\u00f3lica.. Las cr\u00edticas son fuertes porque la inseguridad ya no s\u00f3lo le est\u00e1 golpeando a cierto sector de la poblaci\u00f3n.. Sino que es un conflicto que est\u00e1 da\u00f1ando a todos.. No s\u00f3lo a las clases econ\u00f3micamente altas, que son objeto de cualquier delito, sino tambi\u00e9n que esto ya &#8220;pega&#8221; a la poblaci\u00f3n vulnerable.. A la que supuestamente no le pueden quitar nada porque no tienen nada..<\/p>\n\n\n\n<p>Los se\u00f1alamientos son directos porque adem\u00e1s el crimen, ya se deja tambi\u00e9n sentir contra los miembros de la iglesia cat\u00f3lica.. Se sienten vulnerables y est\u00e1n alzando la voz para que el gobierno federal y los estatales emanados de la 4T.. Pongan atenci\u00f3n en estos temas.. Por lo general, evitan comentar cuando sucede un hecho violento.. Los prelados est\u00e1n muy molestos y ya no se est\u00e1n deteniendo en las cr\u00edticas y eso puede ser peligroso para MORENA.. DIOS NOS BENDIGA..<\/p>\n","protected":false},"excerpt":{"rendered":"<p>Ricardo Chua Cuenta &#8220;Garganta Profunda&#8221; que as\u00ed como lo hizo en Sinaloa.. El secretario de Seguridad P\u00fablica federal, Omar Garc\u00eda Harfuch tiene pensado pasarse unos d\u00edas en Veracruz para empezar a calmar las cosas y que la &#8220;herencia maldita&#8221; dejada por Cuitl\u00e1huac Garc\u00eda Jim\u00e9nez.. No empiece a afectar en demas\u00eda al nuevo gobierno de Roc\u00edo [&hellip;]<\/p>\n","protected":false},"author":29,"featured_media":165933,"comment_status":"open","ping_status":"open","sticky":false,"template":"","format":"standard","meta":{"_monsterinsights_skip_tracking":false,"_monsterinsights_sitenote_active":false,"_monsterinsights_sitenote_note":"","_monsterinsights_sitenote_category":0,"footnotes":""},"categories":[245],"tags":[327],"class_list":["post-168460","post","type-post","status-publish","format-standard","has-post-thumbnail","hentry","category-dialogos-de-poder","tag-ricardo-chua","wp-image-borders"],"amp_enabled":true,"_links":{"self":[{"href":"https:\/\/nvnoticias.mx\/index.php\/wp-json\/wp\/v2\/posts\/168460","targetHints":{"allow":["GET"]}}],"collection":[{"href":"https:\/\/nvnoticias.mx\/index.php\/wp-json\/wp\/v2\/posts"}],"about":[{"href":"https:\/\/nvnoticias.mx\/index.php\/wp-json\/wp\/v2\/types\/post"}],"author":[{"embeddable":true,"href":"https:\/\/nvnoticias.mx\/index.php\/wp-json\/wp\/v2\/users\/29"}],"replies":[{"embeddable":true,"href":"https:\/\/nvnoticias.mx\/index.php\/wp-json\/wp\/v2\/comments?post=168460"}],"version-history":[{"count":1,"href":"https:\/\/nvnoticias.mx\/index.php\/wp-json\/wp\/v2\/posts\/168460\/revisions"}],"predecessor-version":[{"id":168461,"href":"https:\/\/nvnoticias.mx\/index.php\/wp-json\/wp\/v2\/posts\/168460\/revisions\/168461"}],"wp:featuredmedia":[{"embeddable":true,"href":"https:\/\/nvnoticias.mx\/index.php\/wp-json\/wp\/v2\/media\/165933"}],"wp:attachment":[{"href":"https:\/\/nvnoticias.mx\/index.php\/wp-json\/wp\/v2\/media?parent=168460"}],"wp:term":[{"taxonomy":"category","embeddable":true,"href":"https:\/\/nvnoticias.mx\/index.php\/wp-json\/wp\/v2\/categories?post=168460"},{"taxonomy":"post_tag","embeddable":true,"href":"https:\/\/nvnoticias.mx\/index.php\/wp-json\/wp\/v2\/tags?post=168460"}],"curies":[{"name":"wp","href":"https:\/\/api.w.org\/{rel}","templated":true}]}}