{"id":16840,"date":"2021-06-22T12:38:25","date_gmt":"2021-06-22T17:38:25","guid":{"rendered":"https:\/\/nvnoticias.mx\/?p=16840"},"modified":"2021-06-22T12:38:26","modified_gmt":"2021-06-22T17:38:26","slug":"pt-se-deslinda-de-agresiones-a-policias-en-jesus-carranza","status":"publish","type":"post","link":"https:\/\/nvnoticias.mx\/index.php\/2021\/06\/22\/pt-se-deslinda-de-agresiones-a-policias-en-jesus-carranza\/","title":{"rendered":"PT se deslinda de agresiones a polic\u00edas en Jes\u00fas Carranza"},"content":{"rendered":"\n<p><strong>Sam Ojeda<\/strong> <strong>\/ NV Noticias<\/strong><\/p>\n\n\n\n<p>Xalapa. \u2013 &nbsp;El delegado estatal del Partido del Trabajo (PT), Vicente Aguilar Aguilar, deslind\u00f3 a su partido de la agresi\u00f3n a polic\u00edas estatales en un operativo realizado para el traslado de la paqueter\u00eda electoral desde Jes\u00fas Carranza.<\/p>\n\n\n\n<p>A pesar de que el gobernador Cuitl\u00e1huac Garc\u00eda Jim\u00e9nez se\u00f1al\u00f3 a su candidato de generar encono el domingo pasado, el petista pidi\u00f3 que se investigue porque dijo que si hab\u00eda personas infiltradas no fueron enviados por ellos.<\/p>\n\n\n\n<blockquote class=\"wp-block-quote is-layout-flow wp-block-quote-is-layout-flow\"><p>\u201cLa Fiscal\u00eda tiene que hacer la investigaci\u00f3n a ver si de verdad hubo personas infiltradas en un movimiento pac\u00edfico, no tiene nada que ver nuestro candidato en temas en donde el pueblo protesta. Lo que no estamos de acuerdo en que exista violencia, por eso es importante que se investigue si hubo gente que no ten\u00eda nada que ver en el movimiento pol\u00edtico\u201d, se\u00f1al\u00f3.<\/p><\/blockquote>\n\n\n\n<p>Y justific\u00f3 que en todo caso \u201cdentro del calor de la democracia hay situaciones que no se pueden controlar, nosotros\u201d y que si la poblaci\u00f3n protesta es algo que los partidos no pueden evitar.<\/p>\n\n\n\n<blockquote class=\"wp-block-quote is-layout-flow wp-block-quote-is-layout-flow\"><p>\u201cQueremos verlo en dos aristas; nuestro candidato gan\u00f3, tenemos el acta de conteo donde va a arriba, las actas en los centros de votaci\u00f3n en donde va ganando (\u2026) Hay que invitar a Morena a reconocer cuando se gana y cuando se pierde; no vamos a tratar de imponer con amenazas o de ganar lo que no se logr\u00f3 en las urnas\u201d.<\/p><\/blockquote>\n\n\n\n<p>Aguilar Aguilar pidi\u00f3 adem\u00e1s al Organismo P\u00fablico Local Electoral (OPLE) a cumplir consultas funci\u00f3n pues se\u00f1al\u00f3 que el domingo pasado el Consejo intent\u00f3 trasladar la paqueter\u00eda electoral a una hora en la que no se ten\u00eda conocimiento.&nbsp;<\/p>\n\n\n\n<blockquote class=\"wp-block-quote is-layout-flow wp-block-quote-is-layout-flow\"><p>\u201cQue el OPLE cumpla con su funci\u00f3n y que la Fiscal\u00eda haga la investigaci\u00f3n porque solo as\u00ed sabremos si hubo gente infiltrada que se aprovech\u00f3 de estos procesos. Luego llega gente que se infiltra, son pagados por el sistema o por gente extra\u00f1a, o por partido de oposici\u00f3n para que vean que estamos en divisi\u00f3n con los camaradas de Morena\u201d.<\/p><\/blockquote>\n","protected":false},"excerpt":{"rendered":"<p>Sam Ojeda \/ NV Noticias Xalapa. \u2013 &nbsp;El delegado estatal del Partido del Trabajo (PT), Vicente Aguilar Aguilar, deslind\u00f3 a su partido de la agresi\u00f3n a polic\u00edas estatales en un operativo realizado para el traslado de la paqueter\u00eda electoral desde Jes\u00fas Carranza. A pesar de que el gobernador Cuitl\u00e1huac Garc\u00eda Jim\u00e9nez se\u00f1al\u00f3 a su candidato [&hellip;]<\/p>\n","protected":false},"author":6,"featured_media":16842,"comment_status":"open","ping_status":"open","sticky":false,"template":"","format":"standard","meta":{"_monsterinsights_skip_tracking":false,"_monsterinsights_sitenote_active":false,"_monsterinsights_sitenote_note":"","_monsterinsights_sitenote_category":0,"footnotes":""},"categories":[156],"tags":[2229,4590,1014,345],"class_list":["post-16840","post","type-post","status-publish","format-standard","has-post-thumbnail","hentry","category-estado","tag-agresion","tag-jesus-carranza","tag-policia","tag-pt","wp-image-borders"],"amp_enabled":true,"_links":{"self":[{"href":"https:\/\/nvnoticias.mx\/index.php\/wp-json\/wp\/v2\/posts\/16840","targetHints":{"allow":["GET"]}}],"collection":[{"href":"https:\/\/nvnoticias.mx\/index.php\/wp-json\/wp\/v2\/posts"}],"about":[{"href":"https:\/\/nvnoticias.mx\/index.php\/wp-json\/wp\/v2\/types\/post"}],"author":[{"embeddable":true,"href":"https:\/\/nvnoticias.mx\/index.php\/wp-json\/wp\/v2\/users\/6"}],"replies":[{"embeddable":true,"href":"https:\/\/nvnoticias.mx\/index.php\/wp-json\/wp\/v2\/comments?post=16840"}],"version-history":[{"count":1,"href":"https:\/\/nvnoticias.mx\/index.php\/wp-json\/wp\/v2\/posts\/16840\/revisions"}],"predecessor-version":[{"id":16841,"href":"https:\/\/nvnoticias.mx\/index.php\/wp-json\/wp\/v2\/posts\/16840\/revisions\/16841"}],"wp:featuredmedia":[{"embeddable":true,"href":"https:\/\/nvnoticias.mx\/index.php\/wp-json\/wp\/v2\/media\/16842"}],"wp:attachment":[{"href":"https:\/\/nvnoticias.mx\/index.php\/wp-json\/wp\/v2\/media?parent=16840"}],"wp:term":[{"taxonomy":"category","embeddable":true,"href":"https:\/\/nvnoticias.mx\/index.php\/wp-json\/wp\/v2\/categories?post=16840"},{"taxonomy":"post_tag","embeddable":true,"href":"https:\/\/nvnoticias.mx\/index.php\/wp-json\/wp\/v2\/tags?post=16840"}],"curies":[{"name":"wp","href":"https:\/\/api.w.org\/{rel}","templated":true}]}}