{"id":168086,"date":"2024-12-26T19:41:48","date_gmt":"2024-12-27T01:41:48","guid":{"rendered":"https:\/\/nvnoticias.mx\/?p=168086"},"modified":"2024-12-26T19:41:50","modified_gmt":"2024-12-27T01:41:50","slug":"confian-artesanos-del-malecon-que-los-reinstalen-en-enero","status":"publish","type":"post","link":"https:\/\/nvnoticias.mx\/index.php\/2024\/12\/26\/confian-artesanos-del-malecon-que-los-reinstalen-en-enero\/","title":{"rendered":"Conf\u00edan artesanos del malec\u00f3n que los reinstalen en enero"},"content":{"rendered":"\n<p><\/p>\n\n\n\n<p><strong>Jes\u00fas Utrilla \/ NV Noticias<\/strong><\/p>\n\n\n\n<p>\u00c1ngel Hern\u00e1ndez Ramos, representante de los artesanos del Malec\u00f3n, conf\u00edo que en enero puedan instalarse en los nuevos locales que construye Asipona, debido a que durante estas vacaciones, sus ventas disminuyeron en lugar de aumentar. <\/p>\n\n\n\n<p>Adquirieron compromisos con proveedores que deben solventar por lo que conf\u00edo que en breve los instalen en los nuevos locales de Plaza al Hero\u00edsmo Veracruzano.<\/p>\n\n\n\n<p>\u201cHa sido una experiencia diferente porque estamos aqu\u00ed al intemperie y no son las ventas que esper\u00e1bamos. Todos aqu\u00ed se se preparan con tiempo para la temporada y las ventas no han sido las esperadas\u201d.<\/p>\n\n\n\n<p>Reconoci\u00f3 que la gente viaja m\u00e1s despu\u00e9s del 25 de diciembre, por lo que dijo que a\u00fan tienen expectativas favorables para la ultima fase de las vacaciones. <\/p>\n\n\n\n<p>Admiti\u00f3 que la gente s\u00ed est\u00e1 llegando a Veracruz y posiblemente las condiciones es mejoren en lo que resta de las fiestas de fin de a\u00f1o.<\/p>\n\n\n\n<p>\u201cTenemos proveedores a los que no se les ha podido pagar y sabemos que la gente viene a Veracruz despu\u00e9s del 25 y estas dos pr\u00f3xima semanas pueden ser fuertes para equiparar las ventas a lo que pod\u00edamos hacer en los locales establecidos, as\u00ed que no nos queda m\u00e1s que esperar y aguantar\u201d.<\/p>\n\n\n\n<p>Conf\u00edo que en enero puedan instalarse en los nuevos locales, recordando que la plaza que construye la Administraci\u00f3n del Sistema Portuario Nacional (ASIPONA) se inaugurar\u00e1 hasta el 21 de abril. <\/p>\n","protected":false},"excerpt":{"rendered":"<p>Jes\u00fas Utrilla \/ NV Noticias \u00c1ngel Hern\u00e1ndez Ramos, representante de los artesanos del Malec\u00f3n, conf\u00edo que en enero puedan instalarse en los nuevos locales que construye Asipona, debido a que durante estas vacaciones, sus ventas disminuyeron en lugar de aumentar. Adquirieron compromisos con proveedores que deben solventar por lo que conf\u00edo que en breve los [&hellip;]<\/p>\n","protected":false},"author":8,"featured_media":168087,"comment_status":"open","ping_status":"open","sticky":false,"template":"","format":"standard","meta":{"_monsterinsights_skip_tracking":false,"_monsterinsights_sitenote_active":false,"_monsterinsights_sitenote_note":"","_monsterinsights_sitenote_category":0,"footnotes":""},"categories":[154],"tags":[13383,2738],"class_list":["post-168086","post","type-post","status-publish","format-standard","has-post-thumbnail","hentry","category-veracruz","tag-artesanos","tag-malecon-de-veracruz","wp-image-borders"],"amp_enabled":true,"_links":{"self":[{"href":"https:\/\/nvnoticias.mx\/index.php\/wp-json\/wp\/v2\/posts\/168086","targetHints":{"allow":["GET"]}}],"collection":[{"href":"https:\/\/nvnoticias.mx\/index.php\/wp-json\/wp\/v2\/posts"}],"about":[{"href":"https:\/\/nvnoticias.mx\/index.php\/wp-json\/wp\/v2\/types\/post"}],"author":[{"embeddable":true,"href":"https:\/\/nvnoticias.mx\/index.php\/wp-json\/wp\/v2\/users\/8"}],"replies":[{"embeddable":true,"href":"https:\/\/nvnoticias.mx\/index.php\/wp-json\/wp\/v2\/comments?post=168086"}],"version-history":[{"count":1,"href":"https:\/\/nvnoticias.mx\/index.php\/wp-json\/wp\/v2\/posts\/168086\/revisions"}],"predecessor-version":[{"id":168088,"href":"https:\/\/nvnoticias.mx\/index.php\/wp-json\/wp\/v2\/posts\/168086\/revisions\/168088"}],"wp:featuredmedia":[{"embeddable":true,"href":"https:\/\/nvnoticias.mx\/index.php\/wp-json\/wp\/v2\/media\/168087"}],"wp:attachment":[{"href":"https:\/\/nvnoticias.mx\/index.php\/wp-json\/wp\/v2\/media?parent=168086"}],"wp:term":[{"taxonomy":"category","embeddable":true,"href":"https:\/\/nvnoticias.mx\/index.php\/wp-json\/wp\/v2\/categories?post=168086"},{"taxonomy":"post_tag","embeddable":true,"href":"https:\/\/nvnoticias.mx\/index.php\/wp-json\/wp\/v2\/tags?post=168086"}],"curies":[{"name":"wp","href":"https:\/\/api.w.org\/{rel}","templated":true}]}}