{"id":167952,"date":"2024-12-24T07:56:33","date_gmt":"2024-12-24T13:56:33","guid":{"rendered":"https:\/\/nvnoticias.mx\/?p=167952"},"modified":"2024-12-24T07:56:35","modified_gmt":"2024-12-24T13:56:35","slug":"sergio-gutierrez-monreal-o-adan-augusto","status":"publish","type":"post","link":"https:\/\/nvnoticias.mx\/index.php\/2024\/12\/24\/sergio-gutierrez-monreal-o-adan-augusto\/","title":{"rendered":"Sergio Guti\u00e9rrez, \u00bfMonreal o Ad\u00e1n Augusto?&#8230;"},"content":{"rendered":"\n<p><\/p>\n\n\n\n<p>Ricardo Chua<\/p>\n\n\n\n<p>A TODOS LES DESEAMOS UNA MUY FELIZ NAVIDAD 2024.. DICHA, SALUD Y PAZ.. GRACIAS AMABLES LECTORES..<\/p>\n\n\n\n<p>En los c\u00edrculos pol\u00edticos de MORENA en Veracruz.. Se preguntan: \u00bfQu\u00e9 pas\u00f3 con el diputado federal, Sergio Guti\u00e9rrez Luna, al darle su RESPALDO pol\u00edtico y personal a Ricardo Monreal \u00c1vila?.. Y la duda viene porque el zacatecano se enfrentaba con el senador y l\u00edder de la bancada de MORENA en el Senado, Ad\u00e1n Augusto L\u00f3pez Hern\u00e1ndez.. Dado que el tabasque\u00f1o fue el &#8220;padrino&#8221; pol\u00edtico del minatitleco y por \u00e9l fue es que de nuevo diputado federal plurinominal por tercera vez..<\/p>\n\n\n\n<p>Esta situaci\u00f3n ha levantado una serie de comentarios en Veracruz, sobre todo dentro de MORENA, en contra de Guti\u00e9rrez Luna del por qu\u00e9 respaldo a su hom\u00f3logo y l\u00edder de la bancada de MORENA en la c\u00e1mara de diputados federales, Ricardo Monreal.. Ya que en Palacio Nacional tienen claro que el presidente de la Mesa Directiva de la c\u00e1mara baja del Congreso de la Uni\u00f3n es la posici\u00f3n pol\u00edtica de Ad\u00e1n Augusto.. Y el zacatecano acus\u00f3 al tabasque\u00f1o de actos de corrupci\u00f3n de mil millones de pesos.. Es decir, un peque\u00f1o &#8220;billetito&#8221;..<\/p>\n\n\n\n<p>Una de las pol\u00e9micas en MORENA Veracruz.. Se debe principalmente porque hasta hace un a\u00f1o.. Guti\u00e9rrez Luna era una de las piezas fundamentales de Ad\u00e1n Augusto en la entidad.. El tabasque\u00f1o siendo secretario de Gobernaci\u00f3n de Andr\u00e9s Manuel L\u00f3pez Obrador.. Vino dos veces a Veracruz a levantarle la mano al minatitleco para que fuera el candidato de MORENA a gobernador de Veracruz en contra de la aspirante &#8220;cantada&#8221; que era Roc\u00edo Nahle Garc\u00eda.. Y esa acci\u00f3n enoj\u00f3 bastante a la ahora gobernadora &#8220;jarocha&#8221;..<\/p>\n\n\n\n<p>Sobre todo porque L\u00f3pez Hern\u00e1ndez sab\u00eda bien que Andr\u00e9s Manuel ya la hab\u00eda &#8220;elegido&#8221; a ella como la candidata a gobernador.. Y lo que hizo Ad\u00e1n con Sergio al &#8220;levantarle la mano&#8221;, le alebrest\u00f3 el &#8220;pesebre&#8221; en la &#8220;aldea&#8221; jarocha y eso provoc\u00f3 el inicio de la &#8220;guerra sucia&#8221; en su contra.. Tanto de ellos como de los suyos (Palacio de Gobierno) y que provoc\u00f3 una serie de descalificativos en contra de Nahle por su nacimiento del estado de Zacatecas.. Todo eso sucedi\u00f3 en 2023 cuando Guti\u00e9rrez era gente de Ad\u00e1n..<\/p>\n\n\n\n<p>Tambi\u00e9n porque a propios y a extra\u00f1os Sergio Guti\u00e9rrez comentaba que \u00e9l se la &#8220;jugar\u00eda&#8221; con Ad\u00e1n Augusto hasta el final en la elecci\u00f3n interna de MORENA.. Pero los &#8220;bi\u00f3grafos&#8221; de esa precampa\u00f1a.. Mencionan que ah\u00ed se presentaron ciertas diferencias y rencillas entre el equipo del tabasque\u00f1o y el minatitleco.. Hasta que lo hicieron a un lado.. Situaci\u00f3n que salv\u00f3 porque cuando no sali\u00f3 seleccionado ni \u00e9l, ni Ad\u00e1n Augusto, fue mandado al Consejo General del INE como representante de MORENA con otro &#8220;ahijado&#8221; del tabasque\u00f1o: Mario Llergo..<\/p>\n\n\n\n<p>Desde luego entre las peticiones de Ad\u00e1n Augusto a Claudia Sheinbaum cuando ella gan\u00f3 la nominaci\u00f3n de MORENA a la Presidencia de M\u00e9xico como candidata electa.. Es que incluyeran a Guti\u00e9rrez Luna en la lista de diputados federales plurinominales por la circunscripci\u00f3n del Estado de M\u00e9xico.. Y Sheinbaum les cumpli\u00f3 a los dos al tabasque\u00f1o y al minatitleco y entr\u00f3 en la lista y por esa presi\u00f3n pol\u00edtica.. Sergio ocup\u00f3 la vicepresidencia de la Mesa Directiva de la c\u00e1mara de diputados federales..<\/p>\n\n\n\n<p>Al llegar ah\u00ed, la suerte de manera macabra le volvi\u00f3 a sonre\u00edr al veracruzano.. Ya que al fallecer la maestra, Ifigenia Mart\u00ednez, 4 d\u00edas despu\u00e9s de la toma de Protesta de Claudia Sheinbaum, \u00e9l de nuevo asumi\u00f3 la Presidencia de esa mesa directiva.. Y de ah\u00ed para el real, esto es historia.. Debido a que desde este cargo en el Congreso de la Uni\u00f3n,.. Guti\u00e9rrez Luna hizo nuevos aliados y poderosos personajes millonarios de la pol\u00edtica: Pedro Haces y desde luego Ricardo Monreal.. Dejando un poco olvidado a Ad\u00e1n Augusto L\u00f3pez..<\/p>\n\n\n\n<p>El \u00fanico &#8220;trago amargo&#8221; que tuvo Guti\u00e9rrez Luna en esta Presidencia.. Fue cuando se enter\u00f3 que Roc\u00edo Nahle, NO LO INVIT\u00d3 a la toma de protesta como gobernadora de Veracruz.. A pesar de ser el legislador veracruzano, m\u00e1s encumbrado del pa\u00eds.. Nahle prefiri\u00f3 a Dolores Padierna que a Sergio.. Y lo peor fue que el cordob\u00e9s, Zenyazen Escobar Garc\u00eda, le dio esa noticia: &#8220;Manito, no te invitaron&#8221;.. Mientras &#8220;El Zen&#8221; repart\u00eda a diestra y siniestra las invitaciones que Nahle le dio para los diputados federales..<\/p>\n\n\n\n<p>Sin embargo, esta fue una situaci\u00f3n echada a menos porque lo mismo pas\u00f3 con Ad\u00e1n Augusto.. Al tabasque\u00f1o tampoco lo invitaron.. Vino Gerardo Fern\u00e1ndez Noro\u00f1a y Ricardo Monreal.. Pero no Sergio, ni Hern\u00e1ndez L\u00f3pez.. Se pens\u00f3 que esto en cierta forma un desquite pol\u00edtico por todo lo que representaron en Veracruz en 2023.. Y que por el apoy\u00f3 que le dio el PVEM en ese momento, Javier Herrera Borunda, fue enviado hasta los asientos de atr\u00e1s del Congreso del Estado, el pasado 1 de diciembre.. AMEN<\/p>\n\n\n\n<p>REFLEXI\u00d3N.. Dec\u00eda el ex gobernador, Fernando Guti\u00e9rrez Barrios que quien traiciona una vez, lo hace dos veces.. Mientras que el popular pol\u00edtico de La Mixtequilla, Mario Tejeda Tejada comentaba: &#8220;Lo que parece traici\u00f3n no lo es, no confundan s\u00f3lo es sobrevivencia&#8221;.. Y el ex alcalde minatitleco, Pablo Pav\u00f3n Vinales, en sus tiempos de l\u00edder petrolero mencionaba: &#8220;En Minatitlan, cada qui\u00e9n cuida lo suyo, t\u00fa cuida lo tuyo&#8221;.. Monreal, el nuevo jefe y aliado o Ad\u00e1n Augusto, el leal y viejo &#8220;padrino&#8221;.. Como dato.. Cuentan que en Palacio de Gobierno r\u00eden y dicen: &#8220;Ya ven se los dije, que esa alianza no iba a durar.. EL QUE LO ENTENDI\u00d3, LO ENTENDI\u00d3..<\/p>\n","protected":false},"excerpt":{"rendered":"<p>Ricardo Chua A TODOS LES DESEAMOS UNA MUY FELIZ NAVIDAD 2024.. DICHA, SALUD Y PAZ.. GRACIAS AMABLES LECTORES.. En los c\u00edrculos pol\u00edticos de MORENA en Veracruz.. Se preguntan: \u00bfQu\u00e9 pas\u00f3 con el diputado federal, Sergio Guti\u00e9rrez Luna, al darle su RESPALDO pol\u00edtico y personal a Ricardo Monreal \u00c1vila?.. Y la duda viene porque el zacatecano [&hellip;]<\/p>\n","protected":false},"author":29,"featured_media":167953,"comment_status":"open","ping_status":"open","sticky":false,"template":"","format":"standard","meta":{"_monsterinsights_skip_tracking":false,"_monsterinsights_sitenote_active":false,"_monsterinsights_sitenote_note":"","_monsterinsights_sitenote_category":0,"footnotes":""},"categories":[245],"tags":[327],"class_list":["post-167952","post","type-post","status-publish","format-standard","has-post-thumbnail","hentry","category-dialogos-de-poder","tag-ricardo-chua","wp-image-borders"],"amp_enabled":true,"_links":{"self":[{"href":"https:\/\/nvnoticias.mx\/index.php\/wp-json\/wp\/v2\/posts\/167952","targetHints":{"allow":["GET"]}}],"collection":[{"href":"https:\/\/nvnoticias.mx\/index.php\/wp-json\/wp\/v2\/posts"}],"about":[{"href":"https:\/\/nvnoticias.mx\/index.php\/wp-json\/wp\/v2\/types\/post"}],"author":[{"embeddable":true,"href":"https:\/\/nvnoticias.mx\/index.php\/wp-json\/wp\/v2\/users\/29"}],"replies":[{"embeddable":true,"href":"https:\/\/nvnoticias.mx\/index.php\/wp-json\/wp\/v2\/comments?post=167952"}],"version-history":[{"count":1,"href":"https:\/\/nvnoticias.mx\/index.php\/wp-json\/wp\/v2\/posts\/167952\/revisions"}],"predecessor-version":[{"id":167954,"href":"https:\/\/nvnoticias.mx\/index.php\/wp-json\/wp\/v2\/posts\/167952\/revisions\/167954"}],"wp:featuredmedia":[{"embeddable":true,"href":"https:\/\/nvnoticias.mx\/index.php\/wp-json\/wp\/v2\/media\/167953"}],"wp:attachment":[{"href":"https:\/\/nvnoticias.mx\/index.php\/wp-json\/wp\/v2\/media?parent=167952"}],"wp:term":[{"taxonomy":"category","embeddable":true,"href":"https:\/\/nvnoticias.mx\/index.php\/wp-json\/wp\/v2\/categories?post=167952"},{"taxonomy":"post_tag","embeddable":true,"href":"https:\/\/nvnoticias.mx\/index.php\/wp-json\/wp\/v2\/tags?post=167952"}],"curies":[{"name":"wp","href":"https:\/\/api.w.org\/{rel}","templated":true}]}}