{"id":167846,"date":"2024-12-22T13:06:19","date_gmt":"2024-12-22T19:06:19","guid":{"rendered":"https:\/\/nvnoticias.mx\/?p=167846"},"modified":"2024-12-22T13:06:20","modified_gmt":"2024-12-22T19:06:20","slug":"se-despide-chucky-lozano-del-psv","status":"publish","type":"post","link":"https:\/\/nvnoticias.mx\/index.php\/2024\/12\/22\/se-despide-chucky-lozano-del-psv\/","title":{"rendered":"Se despide Chucky Lozano del PSV"},"content":{"rendered":"\n<p><\/p>\n\n\n\n<p>El PSV recibi\u00f3 al Feyenoord en el Philips Stadion, encuentro que finaliz\u00f3 3-0 en favor del cuadro de Eindhoven, pero que tambi\u00e9n marc\u00f3 el adi\u00f3s de Hirving &#8216;Chucky&#8217; Lozano del conjunto de los Granjeros.<\/p>\n\n\n\n<p>El atacante mexicano se marcha este diciembre de la Eredivisie, para unirse en enero al San Diego FC, el nuevo club de la MLS que debutar\u00e1 la siguiente temporada del futbol de los Estados Unidos y encontr\u00f3 en el &#8216;Chucky&#8217; a su refuerzo estrella.<\/p>\n\n\n\n<p>Lozano, quien ha disputado Copas del Mundo con la Selecci\u00f3n Mexicana, deja el balompi\u00e9 europeo para iniciar un nuevo camino en su carrera, ahora en el pa\u00eds al norte de M\u00e9xico.<\/p>\n\n\n\n<p><strong>El emotivo homenaje del PSV Eindhoven al Chucky Lozano<br><\/strong>Era el minuto 89 del partido, el PSV Eindhoven ya lo ganaba 3-0 y desde la banca se anunci\u00f3 el ingreso del &#8216;Chucky&#8217; Lozano a la cancha.<\/p>\n\n\n\n<p>Mientras el ex del Pachuca se preparaba para entrar al campo, en la tribuna se coreaba &#8220;El Chucky Lozano&#8221;, adem\u00e1s de que hab\u00eda camisetas con su dorsal, banderas de M\u00e9xico y un enorme letrero blanco con la imagen del futbolista y la frase &#8220;Gracias El Chucky&#8221;.<\/p>\n\n\n\n<p>En su ingreso al terreno de juego, Lozano le dio la mano a otro mexicano, a Santiago Gim\u00e9nez, quien jug\u00f3 todo el compromiso de la Jornada 17 de la liga de los Pa\u00edses Bajos.<\/p>\n\n\n\n<p>Fuente: E<a href=\"https:\/\/www.eluniversal.com.mx\/deportes\/chucky-lozano-se-despide-del-psv-asi-fue-el-emotivo-homenaje-al-futbolista-mexicano-en-eindhoven\/\">l Universal<\/a><\/p>\n","protected":false},"excerpt":{"rendered":"<p>El PSV recibi\u00f3 al Feyenoord en el Philips Stadion, encuentro que finaliz\u00f3 3-0 en favor del cuadro de Eindhoven, pero que tambi\u00e9n marc\u00f3 el adi\u00f3s de Hirving &#8216;Chucky&#8217; Lozano del conjunto de los Granjeros. El atacante mexicano se marcha este diciembre de la Eredivisie, para unirse en enero al San Diego FC, el nuevo club [&hellip;]<\/p>\n","protected":false},"author":6,"featured_media":167847,"comment_status":"open","ping_status":"open","sticky":false,"template":"","format":"standard","meta":{"_monsterinsights_skip_tracking":false,"_monsterinsights_sitenote_active":false,"_monsterinsights_sitenote_note":"","_monsterinsights_sitenote_category":0,"footnotes":""},"categories":[159],"tags":[696],"class_list":["post-167846","post","type-post","status-publish","format-standard","has-post-thumbnail","hentry","category-deportes","tag-chucky-lozano","wp-image-borders"],"amp_enabled":true,"_links":{"self":[{"href":"https:\/\/nvnoticias.mx\/index.php\/wp-json\/wp\/v2\/posts\/167846","targetHints":{"allow":["GET"]}}],"collection":[{"href":"https:\/\/nvnoticias.mx\/index.php\/wp-json\/wp\/v2\/posts"}],"about":[{"href":"https:\/\/nvnoticias.mx\/index.php\/wp-json\/wp\/v2\/types\/post"}],"author":[{"embeddable":true,"href":"https:\/\/nvnoticias.mx\/index.php\/wp-json\/wp\/v2\/users\/6"}],"replies":[{"embeddable":true,"href":"https:\/\/nvnoticias.mx\/index.php\/wp-json\/wp\/v2\/comments?post=167846"}],"version-history":[{"count":1,"href":"https:\/\/nvnoticias.mx\/index.php\/wp-json\/wp\/v2\/posts\/167846\/revisions"}],"predecessor-version":[{"id":167848,"href":"https:\/\/nvnoticias.mx\/index.php\/wp-json\/wp\/v2\/posts\/167846\/revisions\/167848"}],"wp:featuredmedia":[{"embeddable":true,"href":"https:\/\/nvnoticias.mx\/index.php\/wp-json\/wp\/v2\/media\/167847"}],"wp:attachment":[{"href":"https:\/\/nvnoticias.mx\/index.php\/wp-json\/wp\/v2\/media?parent=167846"}],"wp:term":[{"taxonomy":"category","embeddable":true,"href":"https:\/\/nvnoticias.mx\/index.php\/wp-json\/wp\/v2\/categories?post=167846"},{"taxonomy":"post_tag","embeddable":true,"href":"https:\/\/nvnoticias.mx\/index.php\/wp-json\/wp\/v2\/tags?post=167846"}],"curies":[{"name":"wp","href":"https:\/\/api.w.org\/{rel}","templated":true}]}}